{"id":102447,"date":"2023-11-01T17:43:45","date_gmt":"2023-11-01T20:43:45","guid":{"rendered":"https:\/\/blogdoedvaldomagalhaes.com.br\/?p=102447"},"modified":"2023-11-01T17:43:46","modified_gmt":"2023-11-01T20:43:46","slug":"governo-pe-nomeia-92-aprovados-em-concurso-publico-para-o-hemope","status":"publish","type":"post","link":"https:\/\/blogdoedvaldomagalhaes.com.br\/index.php\/2023\/11\/01\/governo-pe-nomeia-92-aprovados-em-concurso-publico-para-o-hemope\/","title":{"rendered":"Governo-PE nomeia 92 aprovados em concurso p\u00fablico para o Hemope"},"content":{"rendered":"<p>O Governo de Pernambuco, por meio da Secretaria Estadual de Sa\u00fade (SES-PE), nomeou 92 profissionais aprovados em concurso p\u00fablico para cargo efetivo na Funda\u00e7\u00e3o Hemope. O ato foi publicado no Di\u00e1rio Oficial do Estado desta quarta-feira (1\u00ba). Os convocados ter\u00e3o o prazo legal de 30 dias corridos para tomarem posse, a contar da data da publica\u00e7\u00e3o deste ato.<\/p>\n<p>\u201cEsses novos servidores v\u00e3o refor\u00e7ar a equipe do Hemope, que ter\u00e1 condi\u00e7\u00f5es de aperfei\u00e7oar ainda mais os servi\u00e7os oferecidos \u00e0 popula\u00e7\u00e3o, j\u00e1 conhecidos pela sua excel\u00eancia. \u00c9 mais um passo que o Governo do Estado d\u00e1 no sentido de qualificar a sa\u00fade p\u00fablica do Estado\u201d, afirmou a governadora Raquel Lyra<\/p>\n<p>A secret\u00e1ria de Sa\u00fade, Zilda Cavalcanti, ressaltou a import\u00e2ncia dessas convoca\u00e7\u00f5es. \u201c\u00c9 uma solicita\u00e7\u00e3o hist\u00f3rica que est\u00e1 sendo reconhecida pelo Governo de Raquel Lyra, caminhando na recomposi\u00e7\u00e3o dos quadros do Hemope. Com isso, ocorrer\u00e1 a melhora na assist\u00eancia pol\u00edtica de sangue do Estado e da onco-hematologia&#8221;, pontuou Zilda Cavalcanti.<\/p>\n<p>A presidente do Hemope, Raquel Santana Teixeira, comemorou a chegada dos novos servidores \u00e0 Funda\u00e7\u00e3o. \u201cEstamos muito felizes. Esperamos que o Hemope continue prestando um servi\u00e7o de excel\u00eancia para Pernambuco\u201d, afirmou a gestora.<\/p>\n<p>A Funda\u00e7\u00e3o Hemope enviar\u00e1 um telegrama para cada nomeado com o agendamento da per\u00edcia m\u00e9dica e todos os documentos necess\u00e1rios para o andamento do processo.<\/p>\n<p>Com rela\u00e7\u00e3o aos candidatos com defici\u00eancia, \u00e9 obrigat\u00f3ria a apresenta\u00e7\u00e3o dos laudos que comprovem a patologia, juntamente com a declara\u00e7\u00e3o de defici\u00eancia. Ap\u00f3s a per\u00edcia m\u00e9dica, o convocado dever\u00e1 comparecer \u00e0 Secretaria de Administra\u00e7\u00e3o do Estado (SAD) para conclus\u00e3o do processo.<br \/>\nFoto: Divulga\u00e7\u00e3o\/SES.<\/p>\n<p>Siga o Instagram do Blog para comentar @blogdoedvaldomagalhaes<br \/>\nSe inscreva no canal do Blog no You Tube<\/p>\n","protected":false},"excerpt":{"rendered":"<p>O Governo de Pernambuco, por meio da Secretaria Estadual de Sa\u00fade (SES-PE), nomeou 92 profissionais aprovados em concurso p\u00fablico para&hellip;<\/p>\n","protected":false},"author":1,"featured_media":102448,"comment_status":"closed","ping_status":"open","sticky":false,"template":"","format":"standard","meta":{"footnotes":""},"categories":[14120],"tags":[28803,2,28801,3406,28995,20,1229],"class_list":["post-102447","post","type-post","status-publish","format-standard","has-post-thumbnail","hentry","category-noticias","tag-blog-com-mais-visualizacoes","tag-blog-do-edvaldo-magalhaes","tag-blog-mais-acessado","tag-caruaru","tag-governo-pe-nomeia-92-aprovados-em-concurso-publico-para-o-hemope","tag-politica","tag-raquel-lyra"],"_links":{"self":[{"href":"https:\/\/blogdoedvaldomagalhaes.com.br\/index.php\/wp-json\/wp\/v2\/posts\/102447","targetHints":{"allow":["GET"]}}],"collection":[{"href":"https:\/\/blogdoedvaldomagalhaes.com.br\/index.php\/wp-json\/wp\/v2\/posts"}],"about":[{"href":"https:\/\/blogdoedvaldomagalhaes.com.br\/index.php\/wp-json\/wp\/v2\/types\/post"}],"author":[{"embeddable":true,"href":"https:\/\/blogdoedvaldomagalhaes.com.br\/index.php\/wp-json\/wp\/v2\/users\/1"}],"replies":[{"embeddable":true,"href":"https:\/\/blogdoedvaldomagalhaes.com.br\/index.php\/wp-json\/wp\/v2\/comments?post=102447"}],"version-history":[{"count":1,"href":"https:\/\/blogdoedvaldomagalhaes.com.br\/index.php\/wp-json\/wp\/v2\/posts\/102447\/revisions"}],"predecessor-version":[{"id":102449,"href":"https:\/\/blogdoedvaldomagalhaes.com.br\/index.php\/wp-json\/wp\/v2\/posts\/102447\/revisions\/102449"}],"wp:featuredmedia":[{"embeddable":true,"href":"https:\/\/blogdoedvaldomagalhaes.com.br\/index.php\/wp-json\/wp\/v2\/media\/102448"}],"wp:attachment":[{"href":"https:\/\/blogdoedvaldomagalhaes.com.br\/index.php\/wp-json\/wp\/v2\/media?parent=102447"}],"wp:term":[{"taxonomy":"category","embeddable":true,"href":"https:\/\/blogdoedvaldomagalhaes.com.br\/index.php\/wp-json\/wp\/v2\/categories?post=102447"},{"taxonomy":"post_tag","embeddable":true,"href":"https:\/\/blogdoedvaldomagalhaes.com.br\/index.php\/wp-json\/wp\/v2\/tags?post=102447"}],"curies":[{"name":"wp","href":"https:\/\/api.w.org\/{rel}","templated":true}]}}