{"id":102441,"date":"2023-11-01T15:00:27","date_gmt":"2023-11-01T18:00:27","guid":{"rendered":"https:\/\/blogdoedvaldomagalhaes.com.br\/?p=102441"},"modified":"2023-11-01T15:00:28","modified_gmt":"2023-11-01T18:00:28","slug":"associacao-de-pais-e-amigos-dos-excepcionais-de-pernambuco-repudia-as-palavras-da-vereadora-de-arcoverde","status":"publish","type":"post","link":"https:\/\/blogdoedvaldomagalhaes.com.br\/index.php\/2023\/11\/01\/associacao-de-pais-e-amigos-dos-excepcionais-de-pernambuco-repudia-as-palavras-da-vereadora-de-arcoverde\/","title":{"rendered":"Associa\u00e7\u00e3o de Pais e Amigos dos excepcionais de Pernambuco repudia as palavras da vereadora de Arcoverde"},"content":{"rendered":"<p><span style=\"font-size: revert;\">NOTA DE REP\u00daDIO<\/span><\/p>\n<p>A Associa\u00e7\u00e3o de Pais e Amigos dos excepcionais de Pernambuco repudia as palavras emitidas pela vereadora do munic\u00edpio de Arcoverde, Zirleide Monteiro (PTB) que afirmou, durante sess\u00e3o plen\u00e1ria que uma mulher teve um filho com defici\u00eancia por &#8220;castigo de Deus&#8221;. Ainda no discurso da parlamentar ela disse que quando uma m\u00e3e tem um filho deficiente, \u00e9 porque teria alguma conta a pagar e que j\u00e1 teria que sofrer. A Apae de Pernambuco se solidariza com a m\u00e3e dessa e de todas as outras crian\u00e7as que passam por situa\u00e7\u00f5es como essas de puro preconceito, rotineiramente.<\/p>\n<p>As Apaes existem no Brasil h\u00e1 quase 70 anos lutando pela causa da pessoa com defici\u00eancia, garantindo sa\u00fade, lazer, educa\u00e7\u00e3o, esportes e acompanhamento jur\u00eddico para essas pessoas e suas fam\u00edlias e podemos afirmar com conhecimento de causa que a pessoa com defici\u00eancia \u00e9 capaz e merece todo nosso amparo, cuidado e respeito. A nossa entidade se coloca a disposi\u00e7\u00e3o e espera que as medidas cab\u00edveis sejam tomadas e reitera que um filho com defici\u00eancia nunca foi e nunca ser\u00e1 castigo.<\/p>\n<p>Federa\u00e7\u00e3o das Apaes de Pernambuco.<\/p>\n<p>Siga o Instagram do Blog para comentar @blogdoedvaldomagalhaes<\/p>\n<p>Se inscreva no canal do Blog no YouTube<\/p>\n","protected":false},"excerpt":{"rendered":"<p>NOTA DE REP\u00daDIO A Associa\u00e7\u00e3o de Pais e Amigos dos excepcionais de Pernambuco repudia as palavras emitidas pela vereadora do&hellip;<\/p>\n","protected":false},"author":1,"featured_media":102442,"comment_status":"closed","ping_status":"open","sticky":false,"template":"","format":"standard","meta":{"footnotes":""},"categories":[14120],"tags":[28993,28803,2,28801,3406],"class_list":["post-102441","post","type-post","status-publish","format-standard","has-post-thumbnail","hentry","category-noticias","tag-associacao-de-pais-e-amigos-dos-excepcionais-de-pernambuco-repudia-as-palavras-da-vereadora-de-arcoverde","tag-blog-com-mais-visualizacoes","tag-blog-do-edvaldo-magalhaes","tag-blog-mais-acessado","tag-caruaru"],"_links":{"self":[{"href":"https:\/\/blogdoedvaldomagalhaes.com.br\/index.php\/wp-json\/wp\/v2\/posts\/102441","targetHints":{"allow":["GET"]}}],"collection":[{"href":"https:\/\/blogdoedvaldomagalhaes.com.br\/index.php\/wp-json\/wp\/v2\/posts"}],"about":[{"href":"https:\/\/blogdoedvaldomagalhaes.com.br\/index.php\/wp-json\/wp\/v2\/types\/post"}],"author":[{"embeddable":true,"href":"https:\/\/blogdoedvaldomagalhaes.com.br\/index.php\/wp-json\/wp\/v2\/users\/1"}],"replies":[{"embeddable":true,"href":"https:\/\/blogdoedvaldomagalhaes.com.br\/index.php\/wp-json\/wp\/v2\/comments?post=102441"}],"version-history":[{"count":1,"href":"https:\/\/blogdoedvaldomagalhaes.com.br\/index.php\/wp-json\/wp\/v2\/posts\/102441\/revisions"}],"predecessor-version":[{"id":102443,"href":"https:\/\/blogdoedvaldomagalhaes.com.br\/index.php\/wp-json\/wp\/v2\/posts\/102441\/revisions\/102443"}],"wp:featuredmedia":[{"embeddable":true,"href":"https:\/\/blogdoedvaldomagalhaes.com.br\/index.php\/wp-json\/wp\/v2\/media\/102442"}],"wp:attachment":[{"href":"https:\/\/blogdoedvaldomagalhaes.com.br\/index.php\/wp-json\/wp\/v2\/media?parent=102441"}],"wp:term":[{"taxonomy":"category","embeddable":true,"href":"https:\/\/blogdoedvaldomagalhaes.com.br\/index.php\/wp-json\/wp\/v2\/categories?post=102441"},{"taxonomy":"post_tag","embeddable":true,"href":"https:\/\/blogdoedvaldomagalhaes.com.br\/index.php\/wp-json\/wp\/v2\/tags?post=102441"}],"curies":[{"name":"wp","href":"https:\/\/api.w.org\/{rel}","templated":true}]}}