{"id":102438,"date":"2023-11-01T14:48:40","date_gmt":"2023-11-01T17:48:40","guid":{"rendered":"https:\/\/blogdoedvaldomagalhaes.com.br\/?p=102438"},"modified":"2023-11-01T14:48:41","modified_gmt":"2023-11-01T17:48:41","slug":"linhas-de-onibus-terao-reforco-na-frota-em-caruaru-para-realizacao-de-provas-do-enem-2023","status":"publish","type":"post","link":"https:\/\/blogdoedvaldomagalhaes.com.br\/index.php\/2023\/11\/01\/linhas-de-onibus-terao-reforco-na-frota-em-caruaru-para-realizacao-de-provas-do-enem-2023\/","title":{"rendered":"Linhas de \u00f4nibus ter\u00e3o refor\u00e7o na frota em Caruaru, para realiza\u00e7\u00e3o de provas do Enem 2023"},"content":{"rendered":"<p><span style=\"font-size: revert;\">A Autarquia de Mobilidade, Tr\u00e2nsito e Transporte de Caruaru (AMTTC) informa que nos pr\u00f3ximos domingos, 5 e 12 de novembro, as linhas de \u00f4nibus que operam no munic\u00edpio contar\u00e3o com incremento de frota. O objetivo do refor\u00e7o \u00e9 facilitar o acesso dos candidatos que v\u00e3o fazer a prova do Exame Nacional do Ensino M\u00e9dio (Enem).<\/span><\/p>\n<p>\u201cEsse refor\u00e7o nas linhas ser\u00e1 importante demais para os estudantes que realizar\u00e3o a prova. \u00c9 a nossa contribui\u00e7\u00e3o para que a chegada e sa\u00edda aos locais de prova sejam feitos de uma forma mais f\u00e1cil\u201d, comentou o presidente da AMTTC, Coronel Edson N\u00f3brega.<\/p>\n<p>Siga o Instagram do Blog para comentar @blogdoedvaldomagalhaes<\/p>\n<p>Se inscreva no canal do Blog no YouTube<\/p>\n<p>Se<\/p>\n","protected":false},"excerpt":{"rendered":"<p>A Autarquia de Mobilidade, Tr\u00e2nsito e Transporte de Caruaru (AMTTC) informa que nos pr\u00f3ximos domingos, 5 e 12 de novembro,&hellip;<\/p>\n","protected":false},"author":1,"featured_media":102439,"comment_status":"closed","ping_status":"open","sticky":false,"template":"","format":"standard","meta":{"footnotes":""},"categories":[14120],"tags":[28803,2,28801,3406,28992],"class_list":["post-102438","post","type-post","status-publish","format-standard","has-post-thumbnail","hentry","category-noticias","tag-blog-com-mais-visualizacoes","tag-blog-do-edvaldo-magalhaes","tag-blog-mais-acessado","tag-caruaru","tag-linhas-de-onibus-terao-reforco-na-frota-em-caruaru-para-realizacao-de-provas-do-enem-2023"],"_links":{"self":[{"href":"https:\/\/blogdoedvaldomagalhaes.com.br\/index.php\/wp-json\/wp\/v2\/posts\/102438","targetHints":{"allow":["GET"]}}],"collection":[{"href":"https:\/\/blogdoedvaldomagalhaes.com.br\/index.php\/wp-json\/wp\/v2\/posts"}],"about":[{"href":"https:\/\/blogdoedvaldomagalhaes.com.br\/index.php\/wp-json\/wp\/v2\/types\/post"}],"author":[{"embeddable":true,"href":"https:\/\/blogdoedvaldomagalhaes.com.br\/index.php\/wp-json\/wp\/v2\/users\/1"}],"replies":[{"embeddable":true,"href":"https:\/\/blogdoedvaldomagalhaes.com.br\/index.php\/wp-json\/wp\/v2\/comments?post=102438"}],"version-history":[{"count":1,"href":"https:\/\/blogdoedvaldomagalhaes.com.br\/index.php\/wp-json\/wp\/v2\/posts\/102438\/revisions"}],"predecessor-version":[{"id":102440,"href":"https:\/\/blogdoedvaldomagalhaes.com.br\/index.php\/wp-json\/wp\/v2\/posts\/102438\/revisions\/102440"}],"wp:featuredmedia":[{"embeddable":true,"href":"https:\/\/blogdoedvaldomagalhaes.com.br\/index.php\/wp-json\/wp\/v2\/media\/102439"}],"wp:attachment":[{"href":"https:\/\/blogdoedvaldomagalhaes.com.br\/index.php\/wp-json\/wp\/v2\/media?parent=102438"}],"wp:term":[{"taxonomy":"category","embeddable":true,"href":"https:\/\/blogdoedvaldomagalhaes.com.br\/index.php\/wp-json\/wp\/v2\/categories?post=102438"},{"taxonomy":"post_tag","embeddable":true,"href":"https:\/\/blogdoedvaldomagalhaes.com.br\/index.php\/wp-json\/wp\/v2\/tags?post=102438"}],"curies":[{"name":"wp","href":"https:\/\/api.w.org\/{rel}","templated":true}]}}