{"id":102434,"date":"2023-11-01T09:58:36","date_gmt":"2023-11-01T12:58:36","guid":{"rendered":"https:\/\/blogdoedvaldomagalhaes.com.br\/?p=102434"},"modified":"2023-11-01T09:58:37","modified_gmt":"2023-11-01T12:58:37","slug":"o-combate-a-discriminacao-das-pessoas-autistas-por-jorge-quintino","status":"publish","type":"post","link":"https:\/\/blogdoedvaldomagalhaes.com.br\/index.php\/2023\/11\/01\/o-combate-a-discriminacao-das-pessoas-autistas-por-jorge-quintino\/","title":{"rendered":"O COMBATE \u00c0 DISCRIMINA\u00c7\u00c3O DAS PESSOAS AUTISTAS &#8211; por Jorge Quintino"},"content":{"rendered":"<p>Na reuni\u00e3o dessa ter\u00e7a-feira (31), na C\u00e2mara Municipal de Caruaru, mais uma vez reforcei a defesa da causa das pessoas com Transtorno do Espectro Autista (TEA). Apresentei um Projeto de Lei que objetiva garantir o direito dessas pessoas a uma sociedade que aprenda a defender o direito das mesmas. O nosso projeto \u00e9 pedag\u00f3gico, mas sobretudo, prever at\u00e9 mesmo indeniza\u00e7\u00f5es pecuni\u00e1rias para \u00e0queles que cometam reincid\u00eancia nas suas descabidas atitudes.<br \/>\nO combate \u00e0 discrimina\u00e7\u00e3o contra pessoas com o Transtorno do Espectro Autista (TEA) \u00e9 de extrema import\u00e2ncia por v\u00e1rias raz\u00f5es. O TEA \u00e9 uma condi\u00e7\u00e3o neurol\u00f3gica que afeta a maneira como uma pessoa pensa, se comunica, interage e experimenta o mundo. Discriminar ou estigmatizar pessoas com TEA \u00e9 injusto e prejudicial, e h\u00e1 v\u00e1rias raz\u00f5es pelas quais \u00e9 vital promover a inclus\u00e3o e combater a discrimina\u00e7\u00e3o:<br \/>\nDireitos humanos: Todas as pessoas t\u00eam direito \u00e0 igualdade, dignidade e respeito, independentemente de suas diferen\u00e7as. Discriminar algu\u00e9m com base em sua condi\u00e7\u00e3o de TEA \u00e9 uma viola\u00e7\u00e3o dos direitos humanos fundamentais.<br \/>\nInclus\u00e3o social: A discrimina\u00e7\u00e3o cria barreiras para a participa\u00e7\u00e3o plena e efetiva das pessoas com TEA na sociedade. Promover a inclus\u00e3o social significa considerar e valorizar a contribui\u00e7\u00e3o de todos os indiv\u00edduos, independentemente de suas habilidades ou caracter\u00edsticas pessoais.<br \/>\nPotencial n\u00e3o explorado: Muitas pessoas com TEA t\u00eam talentos e habilidades \u00fanicas, mas a discrimina\u00e7\u00e3o pode limitar o acesso a oportunidades de desenvolvimento e educa\u00e7\u00e3o. Ao combater a discrimina\u00e7\u00e3o, podemos aproveitar o potencial de todos.<br \/>\nSa\u00fade mental: O estigma e a discrimina\u00e7\u00e3o podem causar estresse, ansiedade e depress\u00e3o nas pessoas com TEA e em suas fam\u00edlias. Ao criar um ambiente mais inclusivo, estamos promovendo a melhor sa\u00fade mental e bem-estar para todos.<br \/>\nEmpatia e compreens\u00e3o: Ao combater a discrimina\u00e7\u00e3o, promovemos uma sociedade mais emp\u00e1tica e compassiva. Isso ajuda a aumentar a conscientiza\u00e7\u00e3o sobre o TEA e a compreens\u00e3o das necessidades e desafios enfrentados por essas pessoas.<br \/>\nIgualdade de oportunidades: A discrimina\u00e7\u00e3o pode limitar as oportunidades de educa\u00e7\u00e3o, emprego e participa\u00e7\u00e3o na comunidade para pessoas com TEA. Combater a discrimina\u00e7\u00e3o \u00e9 fundamental para garantir que todos tenham igualdade de acesso a oportunidades e recursos.<br \/>\nContribui\u00e7\u00e3o para a diversidade: A diversidade de habilidades e perspectivas \u00e9 uma for\u00e7a para a sociedade. Ao combater a discrimina\u00e7\u00e3o, podemos enriquecer nossa comunidade com uma ampla gama de talentos e experi\u00eancias.<br \/>\nMuitos pa\u00edses t\u00eam leis e regulamenta\u00e7\u00f5es que pro\u00edbem a discrimina\u00e7\u00e3o com base em defici\u00eancia, incluindo o TEA. Cumprir essas leis \u00e9 essencial para garantir a igualdade de tratamento e a justi\u00e7a. N\u00f3s, em Caruaru, estamos cumprindo o nosso papel de legislador na defesa intransigente dessa causa.<br \/>\nEm resumo, refor\u00e7ar a discrimina\u00e7\u00e3o contra pessoas com TEA \u00e9 essencial para construir uma sociedade mais justa, inclusiva e compassiva. Todos t\u00eam um papel a desempenhar na promo\u00e7\u00e3o da igualdade de oportunidades e no respeito pelos direitos e dignidade das pessoas com TEA. Isso beneficia n\u00e3o apenas eles, mas toda a sociedade.<br \/>\nJorge Quintino \u00e9 Vereador em Caruaru. Foto: Divulga\u00e7\u00e3o.<\/p>\n<p>Siga o Instagram do Blog para comentar @blogdoedvaldomagalhaes<br \/>\nSe inscreva no canal do Blog no You Tube<\/p>\n","protected":false},"excerpt":{"rendered":"<p>Na reuni\u00e3o dessa ter\u00e7a-feira (31), na C\u00e2mara Municipal de Caruaru, mais uma vez reforcei a defesa da causa das pessoas&hellip;<\/p>\n","protected":false},"author":1,"featured_media":102435,"comment_status":"closed","ping_status":"open","sticky":false,"template":"","format":"standard","meta":{"footnotes":""},"categories":[14122],"tags":[28803,2,19430,3406,28991],"class_list":["post-102434","post","type-post","status-publish","format-standard","has-post-thumbnail","hentry","category-politica","tag-blog-com-mais-visualizacoes","tag-blog-do-edvaldo-magalhaes","tag-blog-mais-acessado-de-caruaru","tag-caruaru","tag-o-combate-a-discriminacao-das-pessoas-autistas-por-jorge-quintino"],"_links":{"self":[{"href":"https:\/\/blogdoedvaldomagalhaes.com.br\/index.php\/wp-json\/wp\/v2\/posts\/102434","targetHints":{"allow":["GET"]}}],"collection":[{"href":"https:\/\/blogdoedvaldomagalhaes.com.br\/index.php\/wp-json\/wp\/v2\/posts"}],"about":[{"href":"https:\/\/blogdoedvaldomagalhaes.com.br\/index.php\/wp-json\/wp\/v2\/types\/post"}],"author":[{"embeddable":true,"href":"https:\/\/blogdoedvaldomagalhaes.com.br\/index.php\/wp-json\/wp\/v2\/users\/1"}],"replies":[{"embeddable":true,"href":"https:\/\/blogdoedvaldomagalhaes.com.br\/index.php\/wp-json\/wp\/v2\/comments?post=102434"}],"version-history":[{"count":1,"href":"https:\/\/blogdoedvaldomagalhaes.com.br\/index.php\/wp-json\/wp\/v2\/posts\/102434\/revisions"}],"predecessor-version":[{"id":102436,"href":"https:\/\/blogdoedvaldomagalhaes.com.br\/index.php\/wp-json\/wp\/v2\/posts\/102434\/revisions\/102436"}],"wp:featuredmedia":[{"embeddable":true,"href":"https:\/\/blogdoedvaldomagalhaes.com.br\/index.php\/wp-json\/wp\/v2\/media\/102435"}],"wp:attachment":[{"href":"https:\/\/blogdoedvaldomagalhaes.com.br\/index.php\/wp-json\/wp\/v2\/media?parent=102434"}],"wp:term":[{"taxonomy":"category","embeddable":true,"href":"https:\/\/blogdoedvaldomagalhaes.com.br\/index.php\/wp-json\/wp\/v2\/categories?post=102434"},{"taxonomy":"post_tag","embeddable":true,"href":"https:\/\/blogdoedvaldomagalhaes.com.br\/index.php\/wp-json\/wp\/v2\/tags?post=102434"}],"curies":[{"name":"wp","href":"https:\/\/api.w.org\/{rel}","templated":true}]}}