{"id":102429,"date":"2023-11-01T09:27:11","date_gmt":"2023-11-01T12:27:11","guid":{"rendered":"https:\/\/blogdoedvaldomagalhaes.com.br\/?p=102429"},"modified":"2023-11-01T09:45:26","modified_gmt":"2023-11-01T12:45:26","slug":"sobrinho-mata-tio-em-caruaru-e-e-preso-em-flagrante","status":"publish","type":"post","link":"https:\/\/blogdoedvaldomagalhaes.com.br\/index.php\/2023\/11\/01\/sobrinho-mata-tio-em-caruaru-e-e-preso-em-flagrante\/","title":{"rendered":"Sobrinho mata tio em Caruaru e \u00e9 preso em flagrante"},"content":{"rendered":"<p>Um homem foi assassinado durante a madrugada desta quarta-feira (01.11), na rua Maria Merandolina, bairro Alto da Balan\u00e7a, em Caruaru. Edilson Jos\u00e9 da Silva, 48 anos, foi morto a facadas dentro de casa. Ele foi atingido com 8 golpes de faca.<\/p>\n<p>O crime foi praticado pelo sobrinho da v\u00edtima, Lucas Felipe da Silva, 19 anos, que foi preso em flagrante pela Pol\u00edcia Militar e levado para a Divis\u00e3o de Homic\u00eddios.<\/p>\n<p>Este \u00e9 o 1\u2022 homic\u00eddio d\u00ea novembro em Caruaru. S\u00e3o 109 assassinatos de janeiro at\u00e9 agora no munic\u00edpio.<\/p>\n<p>Por Helenivaldo Pereira. Foto: Adielson Galv\u00e3o.<\/p>\n<p>Siga o Instagram do Blog para comentar @@blogdoedvaldomagalhaes<\/p>\n<p>Se inscreva no canal do Blog no YouTube<\/p>\n","protected":false},"excerpt":{"rendered":"<p>Um homem foi assassinado durante a madrugada desta quarta-feira (01.11), na rua Maria Merandolina, bairro Alto da Balan\u00e7a, em Caruaru.&hellip;<\/p>\n","protected":false},"author":1,"featured_media":102430,"comment_status":"closed","ping_status":"open","sticky":false,"template":"","format":"standard","meta":{"footnotes":""},"categories":[14121],"tags":[28803,2,28801,3406,5448,28990],"class_list":["post-102429","post","type-post","status-publish","format-standard","has-post-thumbnail","hentry","category-policial","tag-blog-com-mais-visualizacoes","tag-blog-do-edvaldo-magalhaes","tag-blog-mais-acessado","tag-caruaru","tag-homicidio","tag-sobrinho-mata-tio-a-facadas-em-caruaru-e-e-preso-em-flagrante"],"_links":{"self":[{"href":"https:\/\/blogdoedvaldomagalhaes.com.br\/index.php\/wp-json\/wp\/v2\/posts\/102429","targetHints":{"allow":["GET"]}}],"collection":[{"href":"https:\/\/blogdoedvaldomagalhaes.com.br\/index.php\/wp-json\/wp\/v2\/posts"}],"about":[{"href":"https:\/\/blogdoedvaldomagalhaes.com.br\/index.php\/wp-json\/wp\/v2\/types\/post"}],"author":[{"embeddable":true,"href":"https:\/\/blogdoedvaldomagalhaes.com.br\/index.php\/wp-json\/wp\/v2\/users\/1"}],"replies":[{"embeddable":true,"href":"https:\/\/blogdoedvaldomagalhaes.com.br\/index.php\/wp-json\/wp\/v2\/comments?post=102429"}],"version-history":[{"count":3,"href":"https:\/\/blogdoedvaldomagalhaes.com.br\/index.php\/wp-json\/wp\/v2\/posts\/102429\/revisions"}],"predecessor-version":[{"id":102433,"href":"https:\/\/blogdoedvaldomagalhaes.com.br\/index.php\/wp-json\/wp\/v2\/posts\/102429\/revisions\/102433"}],"wp:featuredmedia":[{"embeddable":true,"href":"https:\/\/blogdoedvaldomagalhaes.com.br\/index.php\/wp-json\/wp\/v2\/media\/102430"}],"wp:attachment":[{"href":"https:\/\/blogdoedvaldomagalhaes.com.br\/index.php\/wp-json\/wp\/v2\/media?parent=102429"}],"wp:term":[{"taxonomy":"category","embeddable":true,"href":"https:\/\/blogdoedvaldomagalhaes.com.br\/index.php\/wp-json\/wp\/v2\/categories?post=102429"},{"taxonomy":"post_tag","embeddable":true,"href":"https:\/\/blogdoedvaldomagalhaes.com.br\/index.php\/wp-json\/wp\/v2\/tags?post=102429"}],"curies":[{"name":"wp","href":"https:\/\/api.w.org\/{rel}","templated":true}]}}