{"id":102426,"date":"2023-11-01T08:33:56","date_gmt":"2023-11-01T11:33:56","guid":{"rendered":"https:\/\/blogdoedvaldomagalhaes.com.br\/?p=102426"},"modified":"2023-11-01T12:39:23","modified_gmt":"2023-11-01T15:39:23","slug":"caruaru-e-a-primeira-cidade-do-nordeste-a-implantar-o-comite-das-criancas","status":"publish","type":"post","link":"https:\/\/blogdoedvaldomagalhaes.com.br\/index.php\/2023\/11\/01\/caruaru-e-a-primeira-cidade-do-nordeste-a-implantar-o-comite-das-criancas\/","title":{"rendered":"Caruaru \u00e9 a primeira cidade do Nordeste a implantar o Comit\u00ea das Crian\u00e7as"},"content":{"rendered":"<p>Nesta ter\u00e7a-feira(31) foi oficializado o Comit\u00ea das Crian\u00e7as na Prefeitura Municipal de Caruaru. A cerim\u00f4nia de posse foi realizada atrav\u00e9s do Comit\u00ea de Primeira Inf\u00e2ncia Caruaru (CPRINC), e sob coordena\u00e7\u00e3o da Secretaria de Educa\u00e7\u00e3o (SEDUC), que no \u00faltimo s\u00e1bado (28), realizou o sorteio oficial onde foram selecionadas 20 crian\u00e7as titulares e 20 crian\u00e7as suplentes, na faixa et\u00e1ria de 4 a 12 anos.<\/p>\n<p>&#8220;Hoje foi um dia especial e marcante para a hist\u00f3ria de Caruaru, com a cria\u00e7\u00e3o do primeiro Comit\u00ea da Crian\u00e7a. Parabenizo o prefeito Rodrigo Pinheiro por abrir esse espa\u00e7o para as crian\u00e7as e reconhecer a import\u00e2ncia da primeira inf\u00e2ncia. Isso mostra sua sensibilidade e dedica\u00e7\u00e3o em tornar Caruaru uma cidade feliz e inclusiva&#8221; destacou a secret\u00e1ria de educa\u00e7\u00e3o Aline Tiburcio.<\/p>\n<p>O prefeito Rodrigo Pinheiro participou ativamente desde o planejamento e cria\u00e7\u00e3o at\u00e9 a posse do primeiro grupo de crian\u00e7as que formam o Comit\u00ea das Crian\u00e7as, o primeiro da regi\u00e3o Nordeste. O Comit\u00ea permitir\u00e1 que a gest\u00e3o p\u00fablica se aproxime do p\u00fablico infantil, ouvindo suas opini\u00f5es e desejos para melhoria da cidade, de modo amplo e participativo. A cria\u00e7\u00e3o do Comit\u00ea consolida a pol\u00edtica p\u00fablica municipal que prioriza e enxerga a crian\u00e7a como cidad\u00e3 e sujeito de direitos.<\/p>\n<p>&#8220;A gest\u00e3o tem um trabalho muito forte na primeira inf\u00e2ncia. E isso n\u00e3o inclui somente a Secretaria de Educa\u00e7\u00e3o, inclui todas as secretarias, da nossa gest\u00e3o. S\u00e3o a\u00e7\u00f5es transversais de todo o governo. E faz parte desse pacote de a\u00e7\u00f5es essa constru\u00e7\u00e3o do Comit\u00ea da Primeira Inf\u00e2ncia, que vai discutir com a gente, e vai poder sugerir o que as crian\u00e7as, com os olhares delas, querem na escola, na sua rua, nas pra\u00e7as. Isso ajuda a gente a tomar as melhores decis\u00f5es, claro, ouvindo principalmente, quem usa as escolas e as creches aqui da nossa cidade&#8221; finalizou o prefeito Rodrigo Pinheiro.<\/p>\n<p>O Comit\u00ea das Crian\u00e7as constitui uma a\u00e7\u00e3o inovadora e intersetorial, com coordena\u00e7\u00e3o e media\u00e7\u00e3o da Secretaria de Educa\u00e7\u00e3o e Esportes de Caruaru (SEDUC), em parceria com as secretarias de Desenvolvimento Social e Direitos Humanos (SDSDH), Pol\u00edticas para Mulheres (SPM) e de Sa\u00fade (SMS) e a Funda\u00e7\u00e3o de Cultura de Caruaru (FCC). Ele foi criado com a finalidade de promover a escuta ativa e a participa\u00e7\u00e3o infantil no debate sobre o desenvolvimento da cidade, fomentando o protagonismo e o exerc\u00edcio da cidadania das crian\u00e7as. Vale destacar que Caruaru \u00e9 pioneira ao reunir crian\u00e7as de diferentes faixas et\u00e1rias no mesmo grupo que compor\u00e3o o Comit\u00ea para dialogar sobre a cidade.<\/p>\n<p>Finalizando a cerim\u00f4nia de posse das crian\u00e7as, esteve dispon\u00edvel na \u00e1rea t\u00e9rrea da sede da Prefeitura a Exposi\u00e7\u00e3o Pontinho de Vista, para toda popula\u00e7\u00e3o. A exposi\u00e7\u00e3o teve como tema de embasamento \u201cCidade das Crian\u00e7as\u201d, sendo uma mostra de registros da cidade feitos pelas crian\u00e7as dos CMEIs de Caruaru, buscando enxergar a cidade na perspectiva da crian\u00e7a pequena.<br \/>\nFoto: Elvis \u00c9dson\/Secom\/PMC.<\/p>\n<p>Siga o Instagram do Blog para comentar @blogdoedvaldomagalhaes<br \/>\nSe inscreva no canal do Blog no You Tube<\/p>\n","protected":false},"excerpt":{"rendered":"<p>Nesta ter\u00e7a-feira(31) foi oficializado o Comit\u00ea das Crian\u00e7as na Prefeitura Municipal de Caruaru. A cerim\u00f4nia de posse foi realizada atrav\u00e9s&hellip;<\/p>\n","protected":false},"author":1,"featured_media":102427,"comment_status":"closed","ping_status":"open","sticky":false,"template":"","format":"standard","meta":{"footnotes":""},"categories":[14120],"tags":[28803,2,28801,3406,28989],"class_list":["post-102426","post","type-post","status-publish","format-standard","has-post-thumbnail","hentry","category-noticias","tag-blog-com-mais-visualizacoes","tag-blog-do-edvaldo-magalhaes","tag-blog-mais-acessado","tag-caruaru","tag-caruaru-e-a-primeira-cidade-do-nordeste-a-implantar-o-comite-das-criancas"],"_links":{"self":[{"href":"https:\/\/blogdoedvaldomagalhaes.com.br\/index.php\/wp-json\/wp\/v2\/posts\/102426","targetHints":{"allow":["GET"]}}],"collection":[{"href":"https:\/\/blogdoedvaldomagalhaes.com.br\/index.php\/wp-json\/wp\/v2\/posts"}],"about":[{"href":"https:\/\/blogdoedvaldomagalhaes.com.br\/index.php\/wp-json\/wp\/v2\/types\/post"}],"author":[{"embeddable":true,"href":"https:\/\/blogdoedvaldomagalhaes.com.br\/index.php\/wp-json\/wp\/v2\/users\/1"}],"replies":[{"embeddable":true,"href":"https:\/\/blogdoedvaldomagalhaes.com.br\/index.php\/wp-json\/wp\/v2\/comments?post=102426"}],"version-history":[{"count":2,"href":"https:\/\/blogdoedvaldomagalhaes.com.br\/index.php\/wp-json\/wp\/v2\/posts\/102426\/revisions"}],"predecessor-version":[{"id":102437,"href":"https:\/\/blogdoedvaldomagalhaes.com.br\/index.php\/wp-json\/wp\/v2\/posts\/102426\/revisions\/102437"}],"wp:featuredmedia":[{"embeddable":true,"href":"https:\/\/blogdoedvaldomagalhaes.com.br\/index.php\/wp-json\/wp\/v2\/media\/102427"}],"wp:attachment":[{"href":"https:\/\/blogdoedvaldomagalhaes.com.br\/index.php\/wp-json\/wp\/v2\/media?parent=102426"}],"wp:term":[{"taxonomy":"category","embeddable":true,"href":"https:\/\/blogdoedvaldomagalhaes.com.br\/index.php\/wp-json\/wp\/v2\/categories?post=102426"},{"taxonomy":"post_tag","embeddable":true,"href":"https:\/\/blogdoedvaldomagalhaes.com.br\/index.php\/wp-json\/wp\/v2\/tags?post=102426"}],"curies":[{"name":"wp","href":"https:\/\/api.w.org\/{rel}","templated":true}]}}