{"id":102423,"date":"2023-10-31T19:22:25","date_gmt":"2023-10-31T22:22:25","guid":{"rendered":"https:\/\/blogdoedvaldomagalhaes.com.br\/?p=102423"},"modified":"2023-10-31T19:22:25","modified_gmt":"2023-10-31T22:22:25","slug":"jovem-e-assassinado-a-tiros-em-residencial-de-caruaru","status":"publish","type":"post","link":"https:\/\/blogdoedvaldomagalhaes.com.br\/index.php\/2023\/10\/31\/jovem-e-assassinado-a-tiros-em-residencial-de-caruaru\/","title":{"rendered":"Jovem \u00e9 assassinado a tiros em residencial de Caruaru"},"content":{"rendered":"<p>Na tarde desta ter\u00e7a-feira (31), um homem foi executado atrav\u00e9s de disparos de arma de fogo, ele foi identificado por  Lucas Albuquerque Guimar\u00e3es, 23 anos de idade.<\/p>\n<p>A v\u00edtima foi assassinada em  via p\u00fablica do Residencial Alto do Moura, que fica \u00e0s margens da BR-232 em Caruaru.<\/p>\n<p>De acordo com moradores da \u00e1rea, cerca de 7 disparos foram ouvidos.<\/p>\n<p>Equipes da PM foram acionadas para realizar o isolamento da \u00e1rea at\u00e9 a chegada do Instituto Criminalista que realizou os levantamentos cadav\u00e9ricos.<\/p>\n<p>O corpo foi encaminhado ao IML. A Delegacia de Homic\u00eddios do Agreste iniciou as primeiras investiga\u00e7\u00f5es sobre o crime.<br \/>\nInforma\u00e7\u00f5es e foto do jornalista Kalebe Pereira.<\/p>\n<p>Siga o Instagram do Blog para comentar @blogdoedvaldomagalhaes<br \/>\nSe inscreva no canal do Blog no You Tube<\/p>\n","protected":false},"excerpt":{"rendered":"<p>Na tarde desta ter\u00e7a-feira (31), um homem foi executado atrav\u00e9s de disparos de arma de fogo, ele foi identificado por&hellip;<\/p>\n","protected":false},"author":1,"featured_media":102424,"comment_status":"closed","ping_status":"open","sticky":false,"template":"","format":"standard","meta":{"footnotes":""},"categories":[14121],"tags":[28803,2,28801,3406,5448,28988],"class_list":["post-102423","post","type-post","status-publish","format-standard","has-post-thumbnail","hentry","category-policial","tag-blog-com-mais-visualizacoes","tag-blog-do-edvaldo-magalhaes","tag-blog-mais-acessado","tag-caruaru","tag-homicidio","tag-jovem-assassinado-a-tiros-em-residencial-de-caruaru"],"_links":{"self":[{"href":"https:\/\/blogdoedvaldomagalhaes.com.br\/index.php\/wp-json\/wp\/v2\/posts\/102423","targetHints":{"allow":["GET"]}}],"collection":[{"href":"https:\/\/blogdoedvaldomagalhaes.com.br\/index.php\/wp-json\/wp\/v2\/posts"}],"about":[{"href":"https:\/\/blogdoedvaldomagalhaes.com.br\/index.php\/wp-json\/wp\/v2\/types\/post"}],"author":[{"embeddable":true,"href":"https:\/\/blogdoedvaldomagalhaes.com.br\/index.php\/wp-json\/wp\/v2\/users\/1"}],"replies":[{"embeddable":true,"href":"https:\/\/blogdoedvaldomagalhaes.com.br\/index.php\/wp-json\/wp\/v2\/comments?post=102423"}],"version-history":[{"count":1,"href":"https:\/\/blogdoedvaldomagalhaes.com.br\/index.php\/wp-json\/wp\/v2\/posts\/102423\/revisions"}],"predecessor-version":[{"id":102425,"href":"https:\/\/blogdoedvaldomagalhaes.com.br\/index.php\/wp-json\/wp\/v2\/posts\/102423\/revisions\/102425"}],"wp:featuredmedia":[{"embeddable":true,"href":"https:\/\/blogdoedvaldomagalhaes.com.br\/index.php\/wp-json\/wp\/v2\/media\/102424"}],"wp:attachment":[{"href":"https:\/\/blogdoedvaldomagalhaes.com.br\/index.php\/wp-json\/wp\/v2\/media?parent=102423"}],"wp:term":[{"taxonomy":"category","embeddable":true,"href":"https:\/\/blogdoedvaldomagalhaes.com.br\/index.php\/wp-json\/wp\/v2\/categories?post=102423"},{"taxonomy":"post_tag","embeddable":true,"href":"https:\/\/blogdoedvaldomagalhaes.com.br\/index.php\/wp-json\/wp\/v2\/tags?post=102423"}],"curies":[{"name":"wp","href":"https:\/\/api.w.org\/{rel}","templated":true}]}}