{"id":102417,"date":"2023-10-31T17:49:57","date_gmt":"2023-10-31T20:49:57","guid":{"rendered":"https:\/\/blogdoedvaldomagalhaes.com.br\/?p=102417"},"modified":"2023-10-31T17:49:58","modified_gmt":"2023-10-31T20:49:58","slug":"confira-a-programacao-dos-cemiterios-publicos-de-caruaru-no-dia-de-finados","status":"publish","type":"post","link":"https:\/\/blogdoedvaldomagalhaes.com.br\/index.php\/2023\/10\/31\/confira-a-programacao-dos-cemiterios-publicos-de-caruaru-no-dia-de-finados\/","title":{"rendered":"Confira a programa\u00e7\u00e3o dos cemit\u00e9rios p\u00fablicos de Caruaru no Dia de Finados"},"content":{"rendered":"<p>A Secretaria de Servi\u00e7os P\u00fablicos e Sustentabilidade (SESP), est\u00e1 finalizando as melhorias  nos cemit\u00e9rios p\u00fablicos municipais, incluindo aqueles localizados na zona rural. As a\u00e7\u00f5es abrangem a requalifica\u00e7\u00e3o de muros e bancos, pintura, instala\u00e7\u00e3o de lixeiras e aprimoramentos na ilumina\u00e7\u00e3o, al\u00e9m de servi\u00e7os de capina\u00e7\u00e3o e varri\u00e7\u00e3o.<\/p>\n<p>Ao todo, Caruaru possui 21 cemit\u00e9rios p\u00fablicos, sendo tr\u00eas na zona urbana (Dom Bosco, S\u00e3o Roque e Alto do Moura) e 18 na zona rural, destacados a seguir:<\/p>\n<p>1. TERRA VERMELHA<br \/>\n2. PAU SANTO<br \/>\n3. DOIS RIACHOS<br \/>\n4. RIACHO DOCE<br \/>\n5. XICURU<br \/>\n6. JACAR\u00c9 GRANDE<br \/>\n7. MALHADA DE BARREIRAS QUEIMADAS<br \/>\n8. GON\u00c7ALVES FERREIRA<br \/>\n9. TABOCAS<br \/>\n10. PELADAS<br \/>\n11. ITA\u00daNA<br \/>\n12. LAJES<br \/>\n13. PO\u00c7O DANTAS<br \/>\n14. VOLTA GRANDE<br \/>\n15. JU\u00c1<br \/>\n16. SERRA VELHA<br \/>\n17. LAJEDO DO CEDRO<br \/>\n18. LAJEDO PRETO<br \/>\n19. DOM BOSCO<br \/>\n20. S\u00c3O ROQUE<br \/>\n21. ALTO DO MOURA<\/p>\n<p>Os cemit\u00e9rios estar\u00e3o acess\u00edveis das 06h \u00e0s 18h. Al\u00e9m disso, durante o per\u00edodo, ser\u00e3o oferecidos servi\u00e7os como Eco Memorial, com teste de glicemia e aferi\u00e7\u00e3o de press\u00e3o, bem como recep\u00e7\u00e3o musical no Parque dos Arcos.<\/p>\n<p>A programa\u00e7\u00e3o eucar\u00edstica incluir\u00e1 celebra\u00e7\u00f5es na Capela do Cemit\u00e9rio Dom Bosco nos hor\u00e1rios de 06h, 09h e 16h; no Cemit\u00e9rio S\u00e3o Roque \u00e0s 7h e 16h; e em alguns cemit\u00e9rios da zona rural com hor\u00e1rios espec\u00edficos, conforme detalhado abaixo:<\/p>\n<p>&#8211; Cemit\u00e9rio de Riacho Doce (Comunidade S\u00e3o Joaquim): 7h &#8211; Santa Missa<br \/>\n&#8211; Cemit\u00e9rio do Ju\u00e1 (Comunidade S\u00e3o Severino): 9h &#8211; Santa Missa<br \/>\n&#8211; Cemit\u00e9rio de Dois Riacho (Comunidade Nossa Senhora de Aparecida): 15h &#8211; Santa Missa<br \/>\n&#8211; Cemit\u00e9rio de Ita\u00fana (Comunidade S\u00e3o Sebasti\u00e3o): 17h &#8211; Santa Missa<\/p>\n<p>Como todos os anos, ser\u00e1 permitida a comercializa\u00e7\u00e3o de velas, flores e lanches nas \u00e1reas pr\u00f3ximas aos cemit\u00e9rios. Vale ressaltar que a permiss\u00e3o \u00e9 apenas para aqueles comerciantes que realizaram o cadastro junto ao departamento de feiras e mercados.<br \/>\nFoto: Divulga\u00e7\u00e3o\/Assessoria.<\/p>\n<p>Siga o Instagram do Blog para comentar @blogdoedvaldomagalhaed<br \/>\nSe inscreva no canal do Blog no You Tube<\/p>\n","protected":false},"excerpt":{"rendered":"<p>A Secretaria de Servi\u00e7os P\u00fablicos e Sustentabilidade (SESP), est\u00e1 finalizando as melhorias nos cemit\u00e9rios p\u00fablicos municipais, incluindo aqueles localizados na&hellip;<\/p>\n","protected":false},"author":1,"featured_media":102418,"comment_status":"closed","ping_status":"open","sticky":false,"template":"","format":"standard","meta":{"footnotes":""},"categories":[14120],"tags":[28925,2,28801,3406,28986],"class_list":["post-102417","post","type-post","status-publish","format-standard","has-post-thumbnail","hentry","category-noticias","tag-blog-comamos-visualizacoes","tag-blog-do-edvaldo-magalhaes","tag-blog-mais-acessado","tag-caruaru","tag-confira-a-programacao-dos-cemiterios-publicos-de-caruaru-no-dia-de-finados"],"_links":{"self":[{"href":"https:\/\/blogdoedvaldomagalhaes.com.br\/index.php\/wp-json\/wp\/v2\/posts\/102417","targetHints":{"allow":["GET"]}}],"collection":[{"href":"https:\/\/blogdoedvaldomagalhaes.com.br\/index.php\/wp-json\/wp\/v2\/posts"}],"about":[{"href":"https:\/\/blogdoedvaldomagalhaes.com.br\/index.php\/wp-json\/wp\/v2\/types\/post"}],"author":[{"embeddable":true,"href":"https:\/\/blogdoedvaldomagalhaes.com.br\/index.php\/wp-json\/wp\/v2\/users\/1"}],"replies":[{"embeddable":true,"href":"https:\/\/blogdoedvaldomagalhaes.com.br\/index.php\/wp-json\/wp\/v2\/comments?post=102417"}],"version-history":[{"count":1,"href":"https:\/\/blogdoedvaldomagalhaes.com.br\/index.php\/wp-json\/wp\/v2\/posts\/102417\/revisions"}],"predecessor-version":[{"id":102419,"href":"https:\/\/blogdoedvaldomagalhaes.com.br\/index.php\/wp-json\/wp\/v2\/posts\/102417\/revisions\/102419"}],"wp:featuredmedia":[{"embeddable":true,"href":"https:\/\/blogdoedvaldomagalhaes.com.br\/index.php\/wp-json\/wp\/v2\/media\/102418"}],"wp:attachment":[{"href":"https:\/\/blogdoedvaldomagalhaes.com.br\/index.php\/wp-json\/wp\/v2\/media?parent=102417"}],"wp:term":[{"taxonomy":"category","embeddable":true,"href":"https:\/\/blogdoedvaldomagalhaes.com.br\/index.php\/wp-json\/wp\/v2\/categories?post=102417"},{"taxonomy":"post_tag","embeddable":true,"href":"https:\/\/blogdoedvaldomagalhaes.com.br\/index.php\/wp-json\/wp\/v2\/tags?post=102417"}],"curies":[{"name":"wp","href":"https:\/\/api.w.org\/{rel}","templated":true}]}}