{"id":102414,"date":"2023-10-31T17:43:01","date_gmt":"2023-10-31T20:43:01","guid":{"rendered":"https:\/\/blogdoedvaldomagalhaes.com.br\/?p=102414"},"modified":"2023-10-31T17:43:01","modified_gmt":"2023-10-31T20:43:01","slug":"veiculos-retidos-proprietarios-terao-50-de-desconto-no-pagamentos-de-diarias-no-deposito-da-amttc","status":"publish","type":"post","link":"https:\/\/blogdoedvaldomagalhaes.com.br\/index.php\/2023\/10\/31\/veiculos-retidos-proprietarios-terao-50-de-desconto-no-pagamentos-de-diarias-no-deposito-da-amttc\/","title":{"rendered":"Ve\u00edculos retidos: propriet\u00e1rios ter\u00e3o 50% de desconto no pagamentos de di\u00e1rias no dep\u00f3sito da AMTTC"},"content":{"rendered":"<p>A Autarquia de Mobilidade, Tr\u00e2nsito e Transportes de Caruaru (AMTTC) est\u00e1 oferecendo desconto de 50% para pagamento de di\u00e1rias de ve\u00edculos que est\u00e3o retidos no seu dep\u00f3sito. A medida vale para autom\u00f3veis que estejam num prazo de at\u00e9 seis meses de estadia ap\u00f3s a sua reten\u00e7\u00e3o, valendo at\u00e9 o dia 23 de outubro de 2023. O desconto ser\u00e1 v\u00e1lido at\u00e9 o dia 29 de dezembro deste ano.<\/p>\n<p>\u201cO cidad\u00e3o poder\u00e1 regularizar seus d\u00e9bitos com a Autarquia, dispondo de um grande desconto, podendo resolver suas pend\u00eancias de uma forma mais f\u00e1cil e \u00e1gil\u201d, disse o presidente da AMTTC, Coronel Edson N\u00f3brega.<\/p>\n<p>Mais informa\u00e7\u00f5es, o usu\u00e1rio deve se dirigir \u00e0 sede da AMTTC, localizada no Polo Caruaru, de segunda \u00e0 sexta, das 8h \u00e0s 16h.<br \/>\nCard: Divulga\u00e7\u00e3o\/Prefeitura de Caruaru.<\/p>\n<p>Siga o Instagram do Blog para comentar @blogdoedvaldomagalhaes<br \/>\nSe inscreva no canal do Blog no You Tube<\/p>\n","protected":false},"excerpt":{"rendered":"<p>A Autarquia de Mobilidade, Tr\u00e2nsito e Transportes de Caruaru (AMTTC) est\u00e1 oferecendo desconto de 50% para pagamento de di\u00e1rias de&hellip;<\/p>\n","protected":false},"author":1,"featured_media":102415,"comment_status":"closed","ping_status":"open","sticky":false,"template":"","format":"standard","meta":{"footnotes":""},"categories":[14120],"tags":[28803,2,28801,3406,28985],"class_list":["post-102414","post","type-post","status-publish","format-standard","has-post-thumbnail","hentry","category-noticias","tag-blog-com-mais-visualizacoes","tag-blog-do-edvaldo-magalhaes","tag-blog-mais-acessado","tag-caruaru","tag-veiculos-retidos-proprietarios-terao-50-de-desconto-no-pagamentos-de-diarias-no-deposito-da-amttc"],"_links":{"self":[{"href":"https:\/\/blogdoedvaldomagalhaes.com.br\/index.php\/wp-json\/wp\/v2\/posts\/102414","targetHints":{"allow":["GET"]}}],"collection":[{"href":"https:\/\/blogdoedvaldomagalhaes.com.br\/index.php\/wp-json\/wp\/v2\/posts"}],"about":[{"href":"https:\/\/blogdoedvaldomagalhaes.com.br\/index.php\/wp-json\/wp\/v2\/types\/post"}],"author":[{"embeddable":true,"href":"https:\/\/blogdoedvaldomagalhaes.com.br\/index.php\/wp-json\/wp\/v2\/users\/1"}],"replies":[{"embeddable":true,"href":"https:\/\/blogdoedvaldomagalhaes.com.br\/index.php\/wp-json\/wp\/v2\/comments?post=102414"}],"version-history":[{"count":1,"href":"https:\/\/blogdoedvaldomagalhaes.com.br\/index.php\/wp-json\/wp\/v2\/posts\/102414\/revisions"}],"predecessor-version":[{"id":102416,"href":"https:\/\/blogdoedvaldomagalhaes.com.br\/index.php\/wp-json\/wp\/v2\/posts\/102414\/revisions\/102416"}],"wp:featuredmedia":[{"embeddable":true,"href":"https:\/\/blogdoedvaldomagalhaes.com.br\/index.php\/wp-json\/wp\/v2\/media\/102415"}],"wp:attachment":[{"href":"https:\/\/blogdoedvaldomagalhaes.com.br\/index.php\/wp-json\/wp\/v2\/media?parent=102414"}],"wp:term":[{"taxonomy":"category","embeddable":true,"href":"https:\/\/blogdoedvaldomagalhaes.com.br\/index.php\/wp-json\/wp\/v2\/categories?post=102414"},{"taxonomy":"post_tag","embeddable":true,"href":"https:\/\/blogdoedvaldomagalhaes.com.br\/index.php\/wp-json\/wp\/v2\/tags?post=102414"}],"curies":[{"name":"wp","href":"https:\/\/api.w.org\/{rel}","templated":true}]}}