{"id":102412,"date":"2023-10-31T17:16:46","date_gmt":"2023-10-31T20:16:46","guid":{"rendered":"https:\/\/blogdoedvaldomagalhaes.com.br\/?p=102412"},"modified":"2023-10-31T17:16:47","modified_gmt":"2023-10-31T20:16:47","slug":"vereador-jorge-quintino-pede-projeto-de-lei-para-combate-a-discriminacao-contra-pessoas-com-tea-em-caruaru","status":"publish","type":"post","link":"https:\/\/blogdoedvaldomagalhaes.com.br\/index.php\/2023\/10\/31\/vereador-jorge-quintino-pede-projeto-de-lei-para-combate-a-discriminacao-contra-pessoas-com-tea-em-caruaru\/","title":{"rendered":"Vereador Jorge Quintino Pede Projeto de Lei para Combate \u00e0 Discrimina\u00e7\u00e3o contra Pessoas com TEA em Caruaru"},"content":{"rendered":"<p>O Vereador Jorge Quintino (SD), conhecido por seu compromisso com a igualdade e a inclus\u00e3o em Caruaru, apresentou um Projeto de Lei que busca estabelecer penalidades para condutas discriminat\u00f3rias contra pessoas portadoras do Transtorno do Espectro Autista (TEA). Este Projeto de Lei visa garantir um ambiente mais inclusivo e respeitoso para todos os cidad\u00e3os, independentemente de suas diferen\u00e7as.<\/p>\n<p>O projeto prev\u00ea uma s\u00e9rie de san\u00e7\u00f5es para aqueles que cometerem, induzirem ou incitarem a discrimina\u00e7\u00e3o contra pessoas com TEA. Entre as penalidades propostas est\u00e3o advert\u00eancias escritas, acompanhadas de informa\u00e7\u00f5es educativas sobre o TEA, e a possibilidade de encaminhar o infrator para participa\u00e7\u00e3o em palestras educativas sobre o transtorno ministradas por entidades p\u00fablicas ou privadas de defesa de pessoas com TEA. Al\u00e9m disso, o projeto prev\u00ea multas em dinheiro, com valores crescentes em caso de reincid\u00eancia.<\/p>\n<p>O Vereador Jorge Quintino enfatiza a import\u00e2ncia deste projeto de lei na promo\u00e7\u00e3o da igualdade e na conscientiza\u00e7\u00e3o sobre o TEA. \u201c\u00c9 nosso dever assegurar que todas as pessoas sejam tratadas com respeito e dignidade em nossa cidade, independentemente de suas diferen\u00e7as. Este projeto \u00e9 um passo importante em dire\u00e7\u00e3o a uma sociedade mais inclusiva e consciente das necessidades de nossos cidad\u00e3os\u201d, ressaltou o vereador.<br \/>\nFoto: Vladimir Barreto.<\/p>\n<p>Siga o Instagram do Blog para comentar @blogdoedvaldomagalhaes<br \/>\nSe inscreva no canal do Blog do You Tube<\/p>\n","protected":false},"excerpt":{"rendered":"<p>O Vereador Jorge Quintino (SD), conhecido por seu compromisso com a igualdade e a inclus\u00e3o em Caruaru, apresentou um Projeto&hellip;<\/p>\n","protected":false},"author":1,"featured_media":101018,"comment_status":"closed","ping_status":"open","sticky":false,"template":"","format":"standard","meta":{"footnotes":""},"categories":[14122],"tags":[28803,2,28801,3406,20,28984],"class_list":["post-102412","post","type-post","status-publish","format-standard","has-post-thumbnail","hentry","category-politica","tag-blog-com-mais-visualizacoes","tag-blog-do-edvaldo-magalhaes","tag-blog-mais-acessado","tag-caruaru","tag-politica","tag-vereador-jorge-quintino-pede-projeto-de-lei-para-combate-a-discriminacao-contra-pessoas-com-tea-em-caruaru"],"_links":{"self":[{"href":"https:\/\/blogdoedvaldomagalhaes.com.br\/index.php\/wp-json\/wp\/v2\/posts\/102412","targetHints":{"allow":["GET"]}}],"collection":[{"href":"https:\/\/blogdoedvaldomagalhaes.com.br\/index.php\/wp-json\/wp\/v2\/posts"}],"about":[{"href":"https:\/\/blogdoedvaldomagalhaes.com.br\/index.php\/wp-json\/wp\/v2\/types\/post"}],"author":[{"embeddable":true,"href":"https:\/\/blogdoedvaldomagalhaes.com.br\/index.php\/wp-json\/wp\/v2\/users\/1"}],"replies":[{"embeddable":true,"href":"https:\/\/blogdoedvaldomagalhaes.com.br\/index.php\/wp-json\/wp\/v2\/comments?post=102412"}],"version-history":[{"count":1,"href":"https:\/\/blogdoedvaldomagalhaes.com.br\/index.php\/wp-json\/wp\/v2\/posts\/102412\/revisions"}],"predecessor-version":[{"id":102413,"href":"https:\/\/blogdoedvaldomagalhaes.com.br\/index.php\/wp-json\/wp\/v2\/posts\/102412\/revisions\/102413"}],"wp:featuredmedia":[{"embeddable":true,"href":"https:\/\/blogdoedvaldomagalhaes.com.br\/index.php\/wp-json\/wp\/v2\/media\/101018"}],"wp:attachment":[{"href":"https:\/\/blogdoedvaldomagalhaes.com.br\/index.php\/wp-json\/wp\/v2\/media?parent=102412"}],"wp:term":[{"taxonomy":"category","embeddable":true,"href":"https:\/\/blogdoedvaldomagalhaes.com.br\/index.php\/wp-json\/wp\/v2\/categories?post=102412"},{"taxonomy":"post_tag","embeddable":true,"href":"https:\/\/blogdoedvaldomagalhaes.com.br\/index.php\/wp-json\/wp\/v2\/tags?post=102412"}],"curies":[{"name":"wp","href":"https:\/\/api.w.org\/{rel}","templated":true}]}}