{"id":102409,"date":"2023-10-31T17:09:45","date_gmt":"2023-10-31T20:09:45","guid":{"rendered":"https:\/\/blogdoedvaldomagalhaes.com.br\/?p=102409"},"modified":"2023-10-31T17:09:46","modified_gmt":"2023-10-31T20:09:46","slug":"anderson-correia-alerta-populacao-que-atear-fogo-em-terreno-baldio-e-crime-e-da-ate-seis-anos-de-reclusao","status":"publish","type":"post","link":"https:\/\/blogdoedvaldomagalhaes.com.br\/index.php\/2023\/10\/31\/anderson-correia-alerta-populacao-que-atear-fogo-em-terreno-baldio-e-crime-e-da-ate-seis-anos-de-reclusao\/","title":{"rendered":"Anderson Correia alerta popula\u00e7\u00e3o que atear fogo em terreno baldio \u00e9 crime e d\u00e1 at\u00e9 seis anos de reclus\u00e3o"},"content":{"rendered":"<p>Diante das v\u00e1rias den\u00fancias que aumentaram recentemente sobre queimadas em terrenos baldios, o vereador Anderson Correia (PP), alerta o Munic\u00edpio de Caruaru sobre essa pr\u00e1tica, que \u00e9 crime e que, de acordo com o C\u00f3digo Penal Brasileiro, Lei n\u00ba 2.848\/1940, artigo 250, quem causar inc\u00eandio, causando perigo \u00e0 vida, \u00e0 integridade f\u00edsica ou o patrim\u00f4nio de outrem, resulta em reclus\u00e3o, de tr\u00eas a seis anos e multa.<\/p>\n<p>\u00c9 importante lembrar tamb\u00e9m que a Lei de Crimes Ambientais, Lei Federal 9.605\/1998, estabelece que quem provocar queimadas est\u00e1 sujeito a pena de reclus\u00e3o e a multa que pode chegar a R$ 5 mil. O Decreto Federal 514\/2008 converte infra\u00e7\u00e3o ambiental de multa simples em servi\u00e7os de preserva\u00e7\u00e3o, melhoria e recupera\u00e7\u00e3o da qualidade do meio ambiente.<\/p>\n<p>\u201cPrecisamos combater com firmeza essa quest\u00e3o que traz diversos preju\u00edzos para nossa sa\u00fade, dos animais e atinge diretamente o nosso meio ambiente. \u00c9 preciso que o Munic\u00edpio possa fazer fiscaliza\u00e7\u00e3o de forma regular e tamb\u00e9m campanhas de alerta e conscientiza\u00e7\u00e3o, para que haja um combate eficaz contra a degrada\u00e7\u00e3o do meio ambiente. \u00c9 uma quest\u00e3o de sa\u00fade p\u00fablica\u201d, destacou Anderson.<br \/>\nFoto: Vladimir Barreto.<\/p>\n<p>Siga o Instagram do Blog para comentar @blogdoedvaldomagalhaes<br \/>\nSe inscreva no canal do Blog no You Tube<\/p>\n","protected":false},"excerpt":{"rendered":"<p>Diante das v\u00e1rias den\u00fancias que aumentaram recentemente sobre queimadas em terrenos baldios, o vereador Anderson Correia (PP), alerta o Munic\u00edpio&hellip;<\/p>\n","protected":false},"author":1,"featured_media":102410,"comment_status":"closed","ping_status":"open","sticky":false,"template":"","format":"standard","meta":{"footnotes":""},"categories":[14122],"tags":[28983,28803,2,28801,3406,20],"class_list":["post-102409","post","type-post","status-publish","format-standard","has-post-thumbnail","hentry","category-politica","tag-anderson-correia-alerta-populacao-que-atear-fogo-em-terreno-baldio-e-crime-e-da-ate-seis-anos-de-reclusao","tag-blog-com-mais-visualizacoes","tag-blog-do-edvaldo-magalhaes","tag-blog-mais-acessado","tag-caruaru","tag-politica"],"_links":{"self":[{"href":"https:\/\/blogdoedvaldomagalhaes.com.br\/index.php\/wp-json\/wp\/v2\/posts\/102409","targetHints":{"allow":["GET"]}}],"collection":[{"href":"https:\/\/blogdoedvaldomagalhaes.com.br\/index.php\/wp-json\/wp\/v2\/posts"}],"about":[{"href":"https:\/\/blogdoedvaldomagalhaes.com.br\/index.php\/wp-json\/wp\/v2\/types\/post"}],"author":[{"embeddable":true,"href":"https:\/\/blogdoedvaldomagalhaes.com.br\/index.php\/wp-json\/wp\/v2\/users\/1"}],"replies":[{"embeddable":true,"href":"https:\/\/blogdoedvaldomagalhaes.com.br\/index.php\/wp-json\/wp\/v2\/comments?post=102409"}],"version-history":[{"count":1,"href":"https:\/\/blogdoedvaldomagalhaes.com.br\/index.php\/wp-json\/wp\/v2\/posts\/102409\/revisions"}],"predecessor-version":[{"id":102411,"href":"https:\/\/blogdoedvaldomagalhaes.com.br\/index.php\/wp-json\/wp\/v2\/posts\/102409\/revisions\/102411"}],"wp:featuredmedia":[{"embeddable":true,"href":"https:\/\/blogdoedvaldomagalhaes.com.br\/index.php\/wp-json\/wp\/v2\/media\/102410"}],"wp:attachment":[{"href":"https:\/\/blogdoedvaldomagalhaes.com.br\/index.php\/wp-json\/wp\/v2\/media?parent=102409"}],"wp:term":[{"taxonomy":"category","embeddable":true,"href":"https:\/\/blogdoedvaldomagalhaes.com.br\/index.php\/wp-json\/wp\/v2\/categories?post=102409"},{"taxonomy":"post_tag","embeddable":true,"href":"https:\/\/blogdoedvaldomagalhaes.com.br\/index.php\/wp-json\/wp\/v2\/tags?post=102409"}],"curies":[{"name":"wp","href":"https:\/\/api.w.org\/{rel}","templated":true}]}}