{"id":102392,"date":"2023-10-30T19:37:54","date_gmt":"2023-10-30T22:37:54","guid":{"rendered":"https:\/\/blogdoedvaldomagalhaes.com.br\/?p=102392"},"modified":"2023-10-30T20:48:41","modified_gmt":"2023-10-30T23:48:41","slug":"defesa-da-paz-e-momentos-de-adoracao-marcam-o-congresso-mariano-em-fatima","status":"publish","type":"post","link":"https:\/\/blogdoedvaldomagalhaes.com.br\/index.php\/2023\/10\/30\/defesa-da-paz-e-momentos-de-adoracao-marcam-o-congresso-mariano-em-fatima\/","title":{"rendered":"Defesa da paz e momentos de adora\u00e7\u00e3o marcam o Congresso Mariano, em F\u00e1tima"},"content":{"rendered":"<p>Um final de semana marcado por celebra\u00e7\u00f5es eucar\u00edsticas, louvores, ora\u00e7\u00f5es, confer\u00eancias e momentos de adora\u00e7\u00e3o. Foi assim a experi\u00eancia vivenciada pelos fi\u00e9is durante o Congresso Internacional Mariano, promovido pela Comunidade Obra de Maria, que reuniu diversos peregrinos para celebrar Maria, a m\u00e3e de Jesus, e destacar as apari\u00e7\u00f5es de Nossa Senhora e os milagres realizados em F\u00e1tima e em todo o mundo. O encontro aconteceu na cidade sagrada de F\u00e1tima, em Portugal, e foi um momento tamb\u00e9m marcado para refletir sobre a paz entre as na\u00e7\u00f5es. Houve tamb\u00e9m shows evangelizadores do Padre F\u00e1bio de Melo e da Irm\u00e3 Kelly Patr\u00edcia.<\/p>\n<p>O idealizador e co-fundador da Comunidade Obra de Maria, Gilberto Gomes Barbosa, anunciou que em 2024 o Congresso Internacional Mariano j\u00e1 tem data agendada: dias 26 e 27 de outubro. Gilberto lembrou o in\u00edcio das peregrina\u00e7\u00f5es internacionais para conhecer os locais sagrados e mostrar para os fi\u00e9is esses espa\u00e7os santos. &#8220;Eu penso que se faz necess\u00e1rio dizer como tudo come\u00e7ou, porque padre Jonas Abib (fundador da Can\u00e7\u00e3o Nova) sempre fez quest\u00e3o de dizer que tudo foi ela (Virgem Maria) que fez e a Obra de Maria j\u00e1 tem o nome, n\u00e3o preciso dizer nada. Come\u00e7amos a fazer os encontros em Assis, cidade sagrada da It\u00e1lia, de espiritualidade carism\u00e1tica, e deu certo&#8221;, destacou. Ele falou ainda que os congressos marianos fora do Brasil foram um alerta do Padre Jonas para o grupo n\u00e3o perder sua identidade.<\/p>\n<p>Sempre destacando o legado do padre Jonas, os co-fundadores da Can\u00e7\u00e3o Nova destacaram que a devo\u00e7\u00e3o dos fi\u00e9is em F\u00e1tima para celebrar Maria foi motivo de muita alegria. &#8220;Eu penso que aqui \u00e9 o derramar do copo, da \u00e1gua do Esp\u00edrito Santo, mas as peregrina\u00e7\u00f5es preparam. Deus vai trabalhando e os diretores espirituais ajudam a nossa espiritualidade&#8221;, declarou Luzia Santiago, da Can\u00e7\u00e3o Nova.<\/p>\n<p><strong>S\u00c1BADO<\/strong><\/p>\n<p>Durante a manh\u00e3, o Padre Roger Lu\u00eds foi o primeiro a subir ao palco e destacar para os presentes sobre a import\u00e2ncia de Maria na vida dos cat\u00f3licos e sobre as suas apari\u00e7\u00f5es ao longo dos anos, consagrando gra\u00e7as aos que creem nela. &#8220;Ela foi a porta do c\u00e9u e \u00e9 por ela que entraremos na Eternidade&#8221;, destacou ele, durante a sua prega\u00e7\u00e3o. Os padres Bruno Costa e Ironi Spuldaro tamb\u00e9m destacaram a m\u00e3e de Jesus, a partir de suas miss\u00f5es.<\/p>\n<p>Depois do almo\u00e7o, o Padre Roger voltou ao palco para presidir a Santa Missa. Ele se vestiu de vermelho pela celebra\u00e7\u00e3o do mart\u00edrio de S\u00e3o Sim\u00e3o Cananeu, zeloso a Deus, e S\u00e3o Judas Tadeu, padroeiro das Causas Desesperadas, os ap\u00f3stolos primos de Jesus. O sacerdote ainda destacou que a passagem deles por F\u00e1tima n\u00e3o \u00e9 um passeio e sim uma peregrina\u00e7\u00e3o de encontro a Deus.<\/p>\n<p><strong>EVANGELIZA\u00c7\u00c3O<\/strong><\/p>\n<p>A noite do primeiro dia do congresso foi marcada por shows evangelizadores. Quem primeiro subiu ao palco foi a Irm\u00e3 Kelly Patr\u00edcia, que come\u00e7ou com um dos seus maiores cl\u00e1ssicos, Minha Vit\u00f3ria Chegou. Durante sua apresenta\u00e7\u00e3o, a cantora exaltou sua devo\u00e7\u00e3o. &#8220;Quanto mais conhecemos Deus, mais feliz somos&#8221;, sentenciou. No repert\u00f3rio estavam m\u00fasicas de sucessos como S\u00e3o Miguel e Me Faz Novo. Durante a can\u00e7\u00e3o Esp\u00edrito Santo Inspirai-me, Ir. Kelly pediu que o Esp\u00edrito ensinasse a todos como agir conforme a vontade de Deus.<\/p>\n<p>A homenageada do Congresso, a Sant\u00edssima M\u00e3e, foi celebrada em algumas can\u00e7\u00f5es interpretadas como Sob o Manto de Maria; Minha M\u00e3e, Minha Rainha; Consagra\u00e7\u00e3o \u00e0 Nossa Senhora e Rega\u00e7o Acolhedor.<\/p>\n<p>A outra atra\u00e7\u00e3o da noite, Padre F\u00e1bio de Melo, iniciou sua apresenta\u00e7\u00e3o louvando a Deus. &#8220;Quando todas as coisas se calam, a beleza de Deus se manifesta&#8221;, declamou. A primeira interpreta\u00e7\u00e3o realizada por ele foi a prece C\u00e2ntico ao Irm\u00e3o Sol &#8211; S\u00e3o Francisco de Assis. O repert\u00f3rio de m\u00fasicas abriu com Tom de Calma, de autoria do pr\u00f3prio padre. Entre seus sucessos autorais e tributos a outros artistas, Padre F\u00e1bio de Melo cantou Hoje Livre Sou, Humano Amor de Deus, Esperando na Janela e Ningu\u00e9m Explica Deus. O primeiro dia encerrou com a interpreta\u00e7\u00e3o de O Senhor \u00e9 Rei do Padre Marcelo Rossi.<\/p>\n<p><strong>DOMINGO<\/strong><\/p>\n<p>A manh\u00e3 do segundo dia no Congresso Internacional Mariano iniciou com a Adora\u00e7\u00e3o ao Sant\u00edssimo liderada pelo Padre Roger Lu\u00eds, que caminhou por entre os presentes distribuindo a b\u00ean\u00e7\u00e3o do Sant\u00edssimo Sacramento. O padre Edmilson Lopes subiu ao palco em seguida e falou sobre o que fazer ap\u00f3s esse encontro. \u201cO que faremos ap\u00f3s esse Congresso? Converter-mos\u201d, destacou.<\/p>\n<p>Os louvores da tarde do domingo iniciaram com o padre Bruno, que aben\u00e7oou os presentes, entre eles fi\u00e9is de Angola, que receberam as palavras de amor e carinho em nome de Maria Sant\u00edssima. O membro da comunidade da Can\u00e7\u00e3o Nova M\u00e1rcio Mendes subiu ao palco para falar da palavra de Deus e do trabalho realizado em Portugal. Ele pregou e conversou com os presentes sobre as passagens da B\u00edblia que falam sobre a import\u00e2ncia de Maria na vida dos cat\u00f3licos. O Congresso foi encerrado com a missa presidida pelo padre Edimilson, em concelebra\u00e7\u00e3o com os padres Adriano, Roger e Ironi Spuldaro, todos da Can\u00e7\u00e3o Nova. Ap\u00f3s a missa, houve a consagra\u00e7\u00e3o \u00e0 Nossa Senhora, emocionando todos os fi\u00e9is presentes.<\/p>\n<p>Foto: Vera L\u00facia Ogando<\/p>\n<p>Siga o Instagram do Blog @blogdoedvaldomagalhaes<\/p>\n<p>Se inscreva no canal do Blog no YouTube<\/p>\n<p><img loading=\"lazy\" decoding=\"async\" class=\"size-full wp-image-102395\" src=\"https:\/\/blogdoedvaldomagalhaes.com.br\/wp-content\/uploads\/2023\/10\/fd893225-6c92-4d9a-8dcc-da847d845fba.jpg\" width=\"768\" height=\"1024\" srcset=\"https:\/\/blogdoedvaldomagalhaes.com.br\/wp-content\/uploads\/2023\/10\/fd893225-6c92-4d9a-8dcc-da847d845fba.jpg 768w, https:\/\/blogdoedvaldomagalhaes.com.br\/wp-content\/uploads\/2023\/10\/fd893225-6c92-4d9a-8dcc-da847d845fba-225x300.jpg 225w\" sizes=\"auto, (max-width: 768px) 100vw, 768px\" \/><\/p>\n","protected":false},"excerpt":{"rendered":"<p>Um final de semana marcado por celebra\u00e7\u00f5es eucar\u00edsticas, louvores, ora\u00e7\u00f5es, confer\u00eancias e momentos de adora\u00e7\u00e3o. Foi assim a experi\u00eancia vivenciada&hellip;<\/p>\n","protected":false},"author":1,"featured_media":102393,"comment_status":"closed","ping_status":"open","sticky":false,"template":"","format":"standard","meta":{"footnotes":""},"categories":[14120],"tags":[28803,2,28801,3406,28981],"class_list":["post-102392","post","type-post","status-publish","format-standard","has-post-thumbnail","hentry","category-noticias","tag-blog-com-mais-visualizacoes","tag-blog-do-edvaldo-magalhaes","tag-blog-mais-acessado","tag-caruaru","tag-defesa-da-paz-e-momentos-de-adoracao-marcam-o-congresso-mariano-em-fatima"],"_links":{"self":[{"href":"https:\/\/blogdoedvaldomagalhaes.com.br\/index.php\/wp-json\/wp\/v2\/posts\/102392","targetHints":{"allow":["GET"]}}],"collection":[{"href":"https:\/\/blogdoedvaldomagalhaes.com.br\/index.php\/wp-json\/wp\/v2\/posts"}],"about":[{"href":"https:\/\/blogdoedvaldomagalhaes.com.br\/index.php\/wp-json\/wp\/v2\/types\/post"}],"author":[{"embeddable":true,"href":"https:\/\/blogdoedvaldomagalhaes.com.br\/index.php\/wp-json\/wp\/v2\/users\/1"}],"replies":[{"embeddable":true,"href":"https:\/\/blogdoedvaldomagalhaes.com.br\/index.php\/wp-json\/wp\/v2\/comments?post=102392"}],"version-history":[{"count":3,"href":"https:\/\/blogdoedvaldomagalhaes.com.br\/index.php\/wp-json\/wp\/v2\/posts\/102392\/revisions"}],"predecessor-version":[{"id":102405,"href":"https:\/\/blogdoedvaldomagalhaes.com.br\/index.php\/wp-json\/wp\/v2\/posts\/102392\/revisions\/102405"}],"wp:featuredmedia":[{"embeddable":true,"href":"https:\/\/blogdoedvaldomagalhaes.com.br\/index.php\/wp-json\/wp\/v2\/media\/102393"}],"wp:attachment":[{"href":"https:\/\/blogdoedvaldomagalhaes.com.br\/index.php\/wp-json\/wp\/v2\/media?parent=102392"}],"wp:term":[{"taxonomy":"category","embeddable":true,"href":"https:\/\/blogdoedvaldomagalhaes.com.br\/index.php\/wp-json\/wp\/v2\/categories?post=102392"},{"taxonomy":"post_tag","embeddable":true,"href":"https:\/\/blogdoedvaldomagalhaes.com.br\/index.php\/wp-json\/wp\/v2\/tags?post=102392"}],"curies":[{"name":"wp","href":"https:\/\/api.w.org\/{rel}","templated":true}]}}