{"id":102386,"date":"2023-10-30T18:18:18","date_gmt":"2023-10-30T21:18:18","guid":{"rendered":"https:\/\/blogdoedvaldomagalhaes.com.br\/?p=102386"},"modified":"2023-10-30T18:18:20","modified_gmt":"2023-10-30T21:18:20","slug":"dois-homens-sao-presos-com-armas-e-drogas","status":"publish","type":"post","link":"https:\/\/blogdoedvaldomagalhaes.com.br\/index.php\/2023\/10\/30\/dois-homens-sao-presos-com-armas-e-drogas\/","title":{"rendered":"Dois homens s\u00e3o presos com armas e drogas"},"content":{"rendered":"<p>Dois homens foram presos em flagrante, domingo, em Goiana, por tr\u00e1fico de drogas e porte ilegal de arma de fogo. Policiais militares da 3\u00aa CIPM receberam informa\u00e7\u00f5es sobre a movimenta\u00e7\u00e3o na Rua do Inferno, fez a checagem e confirmou a den\u00fancia.<\/p>\n<p>Com os suspeitos, foram apreendidos 812 big bigs e outras 92g de maconha, 600 pedras de crack, 152 pinos de coca\u00edna, um rev\u00f3lver e 16 muni\u00e7\u00f5es calibre .38, al\u00e9m de uma pistola, um carregador e 15 muni\u00e7\u00f5es calibre .380.<\/p>\n<p>O local \u00e9 conhecido por ser dominado por uma quadrilha que intimida a popula\u00e7\u00e3o e a pistola apreendida foi identificada como a arma usada em um homic\u00eddio recente. Diante dos fatos, a ocorr\u00eancia foi apresentada na delegacia da cidade. Foto: Divulga\u00e7\u00e3o\/PMPE.<\/p>\n<p>Siga o Instagram do Blog @blogdoedvaldomagalhaes<br \/>\nSe inscreva no canal do Blog no You Tube<\/p>\n","protected":false},"excerpt":{"rendered":"<p>Dois homens foram presos em flagrante, domingo, em Goiana, por tr\u00e1fico de drogas e porte ilegal de arma de fogo.&hellip;<\/p>\n","protected":false},"author":1,"featured_media":102387,"comment_status":"closed","ping_status":"open","sticky":false,"template":"","format":"standard","meta":{"footnotes":""},"categories":[14121],"tags":[28803,2,28801,3406,28979],"class_list":["post-102386","post","type-post","status-publish","format-standard","has-post-thumbnail","hentry","category-policial","tag-blog-com-mais-visualizacoes","tag-blog-do-edvaldo-magalhaes","tag-blog-mais-acessado","tag-caruaru","tag-dois-homens-sao-presos-com-armas-e-drogas"],"_links":{"self":[{"href":"https:\/\/blogdoedvaldomagalhaes.com.br\/index.php\/wp-json\/wp\/v2\/posts\/102386","targetHints":{"allow":["GET"]}}],"collection":[{"href":"https:\/\/blogdoedvaldomagalhaes.com.br\/index.php\/wp-json\/wp\/v2\/posts"}],"about":[{"href":"https:\/\/blogdoedvaldomagalhaes.com.br\/index.php\/wp-json\/wp\/v2\/types\/post"}],"author":[{"embeddable":true,"href":"https:\/\/blogdoedvaldomagalhaes.com.br\/index.php\/wp-json\/wp\/v2\/users\/1"}],"replies":[{"embeddable":true,"href":"https:\/\/blogdoedvaldomagalhaes.com.br\/index.php\/wp-json\/wp\/v2\/comments?post=102386"}],"version-history":[{"count":1,"href":"https:\/\/blogdoedvaldomagalhaes.com.br\/index.php\/wp-json\/wp\/v2\/posts\/102386\/revisions"}],"predecessor-version":[{"id":102388,"href":"https:\/\/blogdoedvaldomagalhaes.com.br\/index.php\/wp-json\/wp\/v2\/posts\/102386\/revisions\/102388"}],"wp:featuredmedia":[{"embeddable":true,"href":"https:\/\/blogdoedvaldomagalhaes.com.br\/index.php\/wp-json\/wp\/v2\/media\/102387"}],"wp:attachment":[{"href":"https:\/\/blogdoedvaldomagalhaes.com.br\/index.php\/wp-json\/wp\/v2\/media?parent=102386"}],"wp:term":[{"taxonomy":"category","embeddable":true,"href":"https:\/\/blogdoedvaldomagalhaes.com.br\/index.php\/wp-json\/wp\/v2\/categories?post=102386"},{"taxonomy":"post_tag","embeddable":true,"href":"https:\/\/blogdoedvaldomagalhaes.com.br\/index.php\/wp-json\/wp\/v2\/tags?post=102386"}],"curies":[{"name":"wp","href":"https:\/\/api.w.org\/{rel}","templated":true}]}}