{"id":102383,"date":"2023-10-30T18:10:51","date_gmt":"2023-10-30T21:10:51","guid":{"rendered":"https:\/\/blogdoedvaldomagalhaes.com.br\/?p=102383"},"modified":"2023-10-30T18:10:52","modified_gmt":"2023-10-30T21:10:52","slug":"raquel-lyra-comemora-pernambuco-como-2o-estado-do-pais-com-maior-geracao-de-empregos-em-setembro-de-2023","status":"publish","type":"post","link":"https:\/\/blogdoedvaldomagalhaes.com.br\/index.php\/2023\/10\/30\/raquel-lyra-comemora-pernambuco-como-2o-estado-do-pais-com-maior-geracao-de-empregos-em-setembro-de-2023\/","title":{"rendered":"Raquel Lyra comemora Pernambuco como 2\u00ba estado do Pa\u00eds com maior gera\u00e7\u00e3o de empregos em setembro de 2023"},"content":{"rendered":"<p>Pelo segundo m\u00eas consecutivo, Pernambuco atingiu, no \u00faltimo m\u00eas de setembro, a maior gera\u00e7\u00e3o de postos de trabalho do Nordeste. Com 18.864 novas carteiras assinadas, o estado teve o segundo maior saldo de empregos do Brasil, atr\u00e1s apenas de S\u00e3o Paulo. Os n\u00fameros de setembro representam um aumento de mais de 21% em rela\u00e7\u00e3o ao m\u00eas de agosto deste ano. Os dados s\u00e3o do Novo Caged, divulgados nesta segunda-feira (30) pelo Minist\u00e9rio do Trabalho e Emprego (MTE). No acumulado dos nove primeiros meses do ano, s\u00e3o 43.934 empregos gerados. \u00c9 o quinto m\u00eas consecutivo com saldo positivo na cria\u00e7\u00e3o de vagas formais.<\/p>\n<p>Para a governadora Raquel Lyra, os resultados s\u00e3o animadoras e confirmam a tend\u00eancia de retomada do Estado como l\u00edder regional. \u201cPernambuco \u00e9 uma terra de oportunidades e esse resultado s\u00f3 confirma o nosso potencial de crescimento. Desde janeiro, temos trabalhado diariamente para fazer as mudan\u00e7as que nosso Estado precisa e o resultado do Caged de setembro, junto com os quatro meses anteriores, aponta que estamos no caminho certo. Emprego e renda s\u00e3o componentes fundamentais para a mudan\u00e7a que Pernambuco quer e j\u00e1 est\u00e1 fazendo\u201d, afirmou.<\/p>\n<p>O estado teve ainda o terceiro maior crescimento do pa\u00eds no n\u00famero total de trabalhadores com emprego formal, de agosto para setembro. Todos os cinco grandes setores produtivos em Pernambuco tiveram saldo de empregos positivo no m\u00eas de setembro de 2023. O resultado foi puxado, principalmente, pela Ind\u00fastria (7.334), Servi\u00e7os (5.655) e Agropecu\u00e1ria (2.985). Em seguida, vieram Com\u00e9rcio (2.558) e Constru\u00e7\u00e3o (332).<\/p>\n<p>\u201cO resultado \u00e9 animador n\u00e3o apenas porque Pernambuco continua gerando mais empregos a cada m\u00eas, mas tamb\u00e9m porque demonstra a consist\u00eancia da retomada econ\u00f4mica, com o fortalecimento em diversos setores. Podemos destacar, por exemplo, o setor de Servi\u00e7os, o segundo maior respons\u00e1vel pelas contrata\u00e7\u00f5es de setembro, com crescimento de 58% em rela\u00e7\u00e3o ao m\u00eas de agosto. Na mesma dire\u00e7\u00e3o, o setor de Com\u00e9rcio apresentou aumento expressivo na cria\u00e7\u00e3o de postos de trabalho, com 73% a mais do que no m\u00eas anterior\u201d, afirma a secret\u00e1ria em exerc\u00edcio da Secretaria de Desenvolvimento Profissional e Empreendedorismo de Pernambuco (SEDEPE), Cristiane Andrade.<\/p>\n<p>*NOVO CAGED* &#8211; O Novo Caged \u00e9 um m\u00e9todo de\u202fgera\u00e7\u00e3o de estat\u00edsticas do emprego formal que capta informa\u00e7\u00f5es do Cadastro Geral de Empregados e Desempregados (Caged), do Sistema de Escritura\u00e7\u00e3o Digital das Obriga\u00e7\u00f5es Fiscais, Previdenci\u00e1rias e Trabalhistas (eSocial) e do sistema Empregador Web. A partir dos dados reunidos, \u00e9 poss\u00edvel calcular a subtra\u00e7\u00e3o entre o n\u00famero de admiss\u00f5es e o de demiss\u00f5es ocorridas em um determinado per\u00edodo, obtendo-se o saldo (positivo ou negativo) de postos de trabalho formal.<br \/>\nFoto: Divulga\u00e7\u00e3o.<\/p>\n<p>Siga o Instagram do Blog para comentar @blogdoedvaldomagalhaes<br \/>\nSe inscreva no canal do Blog no You Tube<\/p>\n","protected":false},"excerpt":{"rendered":"<p>Pelo segundo m\u00eas consecutivo, Pernambuco atingiu, no \u00faltimo m\u00eas de setembro, a maior gera\u00e7\u00e3o de postos de trabalho do Nordeste.&hellip;<\/p>\n","protected":false},"author":1,"featured_media":102384,"comment_status":"closed","ping_status":"open","sticky":false,"template":"","format":"standard","meta":{"footnotes":""},"categories":[14122],"tags":[28803,2,28801,3406,28978,20],"class_list":["post-102383","post","type-post","status-publish","format-standard","has-post-thumbnail","hentry","category-politica","tag-blog-com-mais-visualizacoes","tag-blog-do-edvaldo-magalhaes","tag-blog-mais-acessado","tag-caruaru","tag-governadora-raquel-lyra-comemora-pernambuco-como-2o-estado-do-pais-com-maior-geracao-de-empregos-em-setembro-de-2023","tag-politica"],"_links":{"self":[{"href":"https:\/\/blogdoedvaldomagalhaes.com.br\/index.php\/wp-json\/wp\/v2\/posts\/102383","targetHints":{"allow":["GET"]}}],"collection":[{"href":"https:\/\/blogdoedvaldomagalhaes.com.br\/index.php\/wp-json\/wp\/v2\/posts"}],"about":[{"href":"https:\/\/blogdoedvaldomagalhaes.com.br\/index.php\/wp-json\/wp\/v2\/types\/post"}],"author":[{"embeddable":true,"href":"https:\/\/blogdoedvaldomagalhaes.com.br\/index.php\/wp-json\/wp\/v2\/users\/1"}],"replies":[{"embeddable":true,"href":"https:\/\/blogdoedvaldomagalhaes.com.br\/index.php\/wp-json\/wp\/v2\/comments?post=102383"}],"version-history":[{"count":1,"href":"https:\/\/blogdoedvaldomagalhaes.com.br\/index.php\/wp-json\/wp\/v2\/posts\/102383\/revisions"}],"predecessor-version":[{"id":102385,"href":"https:\/\/blogdoedvaldomagalhaes.com.br\/index.php\/wp-json\/wp\/v2\/posts\/102383\/revisions\/102385"}],"wp:featuredmedia":[{"embeddable":true,"href":"https:\/\/blogdoedvaldomagalhaes.com.br\/index.php\/wp-json\/wp\/v2\/media\/102384"}],"wp:attachment":[{"href":"https:\/\/blogdoedvaldomagalhaes.com.br\/index.php\/wp-json\/wp\/v2\/media?parent=102383"}],"wp:term":[{"taxonomy":"category","embeddable":true,"href":"https:\/\/blogdoedvaldomagalhaes.com.br\/index.php\/wp-json\/wp\/v2\/categories?post=102383"},{"taxonomy":"post_tag","embeddable":true,"href":"https:\/\/blogdoedvaldomagalhaes.com.br\/index.php\/wp-json\/wp\/v2\/tags?post=102383"}],"curies":[{"name":"wp","href":"https:\/\/api.w.org\/{rel}","templated":true}]}}