{"id":102380,"date":"2023-10-30T14:13:39","date_gmt":"2023-10-30T17:13:39","guid":{"rendered":"https:\/\/blogdoedvaldomagalhaes.com.br\/?p=102380"},"modified":"2023-10-30T14:13:40","modified_gmt":"2023-10-30T17:13:40","slug":"prefeitura-de-caruaru-alerta-para-perigo-das-queimadas-e-reforca-canais-para-denunciar-estas-ocorrencias","status":"publish","type":"post","link":"https:\/\/blogdoedvaldomagalhaes.com.br\/index.php\/2023\/10\/30\/prefeitura-de-caruaru-alerta-para-perigo-das-queimadas-e-reforca-canais-para-denunciar-estas-ocorrencias\/","title":{"rendered":"Prefeitura de Caruaru alerta para perigo das queimadas e refor\u00e7a canais para denunciar estas ocorr\u00eancias"},"content":{"rendered":"<p><span style=\"font-size: revert;\">A Autarquia de Urbaniza\u00e7\u00e3o e Meio Ambiente (URB), emitiu um alerta \u00e0 popula\u00e7\u00e3o para o perigo das queimadas, que podem ser prejudiciais tanto \u00e0 sa\u00fade do ser humano como tamb\u00e9m ao meio ambiente.<\/span><\/p>\n<p>Houve um aumento no n\u00famero de den\u00fancias de casos de queimada na \u00e1rea urbana, de acordo com dados levantados pela URB. Estas ocorr\u00eancias podem gerar destrui\u00e7\u00e3o ambiental dos biomas e tamb\u00e9m das \u00e1reas afetadas, assim como os focos de queimada tamb\u00e9m emitem gases poluentes e fuma\u00e7a, que prejudicam os seres humanos.<\/p>\n<p>Os moradores de Caruaru que quiserem denunciar estes casos, poder\u00e3o fazer isso por meio de um dos canais abaixo:<\/p>\n<p>\u2013 N\u00famero de telefone da URB: (81) 3721-3599;<br \/>\n\u2013 N\u00famero da Ouvidoria geral: 156<br \/>\n\u2013 Caruaru Digital, dispon\u00edvel em https:\/\/caruaru.1doc.com.br\/b.php?pg=o\/wp;<br \/>\n\u2013 Ou presencialmente, na sede da URB, localizada na Rua Visconde de Inha\u00fama, n\u00famero, 1191, bairro Maur\u00edcio de Nassau, das 8h \u00e0s 14h (pr\u00f3ximo ao Col\u00e9gio Municipal \u00c1lvaro Lins). Foto: URB\/Divulga\u00e7\u00e3o.<\/p>\n<p>Siga o Instagram do Blog para comentar @blogdoedvaldomagalhaes<\/p>\n<p>Se inscreva no canal do Blog no YouTube<\/p>\n","protected":false},"excerpt":{"rendered":"<p>A Autarquia de Urbaniza\u00e7\u00e3o e Meio Ambiente (URB), emitiu um alerta \u00e0 popula\u00e7\u00e3o para o perigo das queimadas, que podem&hellip;<\/p>\n","protected":false},"author":1,"featured_media":102381,"comment_status":"closed","ping_status":"open","sticky":false,"template":"","format":"standard","meta":{"footnotes":""},"categories":[14120],"tags":[28803,2,28801,28977],"class_list":["post-102380","post","type-post","status-publish","format-standard","has-post-thumbnail","hentry","category-noticias","tag-blog-com-mais-visualizacoes","tag-blog-do-edvaldo-magalhaes","tag-blog-mais-acessado","tag-prefeitura-de-caruaru-alerta-para-perigo-das-queimadas-e-reforca-canais-para-denunciar-estas-ocorrencias"],"_links":{"self":[{"href":"https:\/\/blogdoedvaldomagalhaes.com.br\/index.php\/wp-json\/wp\/v2\/posts\/102380","targetHints":{"allow":["GET"]}}],"collection":[{"href":"https:\/\/blogdoedvaldomagalhaes.com.br\/index.php\/wp-json\/wp\/v2\/posts"}],"about":[{"href":"https:\/\/blogdoedvaldomagalhaes.com.br\/index.php\/wp-json\/wp\/v2\/types\/post"}],"author":[{"embeddable":true,"href":"https:\/\/blogdoedvaldomagalhaes.com.br\/index.php\/wp-json\/wp\/v2\/users\/1"}],"replies":[{"embeddable":true,"href":"https:\/\/blogdoedvaldomagalhaes.com.br\/index.php\/wp-json\/wp\/v2\/comments?post=102380"}],"version-history":[{"count":1,"href":"https:\/\/blogdoedvaldomagalhaes.com.br\/index.php\/wp-json\/wp\/v2\/posts\/102380\/revisions"}],"predecessor-version":[{"id":102382,"href":"https:\/\/blogdoedvaldomagalhaes.com.br\/index.php\/wp-json\/wp\/v2\/posts\/102380\/revisions\/102382"}],"wp:featuredmedia":[{"embeddable":true,"href":"https:\/\/blogdoedvaldomagalhaes.com.br\/index.php\/wp-json\/wp\/v2\/media\/102381"}],"wp:attachment":[{"href":"https:\/\/blogdoedvaldomagalhaes.com.br\/index.php\/wp-json\/wp\/v2\/media?parent=102380"}],"wp:term":[{"taxonomy":"category","embeddable":true,"href":"https:\/\/blogdoedvaldomagalhaes.com.br\/index.php\/wp-json\/wp\/v2\/categories?post=102380"},{"taxonomy":"post_tag","embeddable":true,"href":"https:\/\/blogdoedvaldomagalhaes.com.br\/index.php\/wp-json\/wp\/v2\/tags?post=102380"}],"curies":[{"name":"wp","href":"https:\/\/api.w.org\/{rel}","templated":true}]}}