{"id":102377,"date":"2023-10-30T14:02:01","date_gmt":"2023-10-30T17:02:01","guid":{"rendered":"https:\/\/blogdoedvaldomagalhaes.com.br\/?p=102377"},"modified":"2023-10-30T14:02:02","modified_gmt":"2023-10-30T17:02:02","slug":"feira-das-capelas-segue-em-caruaru-ate-quinta-feira-02","status":"publish","type":"post","link":"https:\/\/blogdoedvaldomagalhaes.com.br\/index.php\/2023\/10\/30\/feira-das-capelas-segue-em-caruaru-ate-quinta-feira-02\/","title":{"rendered":"Feira das Capelas segue em Caruaru at\u00e9 quinta-feira (02)"},"content":{"rendered":"<p><span style=\"font-size: revert;\">A Secretaria de Ordem P\u00fablica (Secop), segue organizando a \u201cFeira das Capelas\u201d, at\u00e9 a pr\u00f3xima quinta-feira (02), data voltada para o feriado de Finados.<\/span><\/p>\n<p>Funcionando no Parque 18 de maio, na Feira de Artesanato, pr\u00f3ximo ao Polo Gastron\u00f4mico, a feira oferece aos compradores variedades de itens, dentre eles, capelas, velas, rosas, flores artesanais e artificiais.<\/p>\n<p>A Secop organizou a log\u00edstica da \u201cFeira das Capelas\u201d com uma estrutura completa para, aproximadamente, 50 feirantes, com seguran\u00e7a e ilumina\u00e7\u00e3o, garantindo praticidade para quem gosta de prestar homenagens aos entes queridos j\u00e1 falecidos no Dia de Finados.<\/p>\n<p>Foto: Jorge Farias<\/p>\n<p>Siga o Instagram do Blog @blogdoedvaldomagalhaes<\/p>\n<p>Se inscreva no canal do Blog no YouTube<\/p>\n","protected":false},"excerpt":{"rendered":"<p>A Secretaria de Ordem P\u00fablica (Secop), segue organizando a \u201cFeira das Capelas\u201d, at\u00e9 a pr\u00f3xima quinta-feira (02), data voltada para&hellip;<\/p>\n","protected":false},"author":1,"featured_media":102378,"comment_status":"closed","ping_status":"open","sticky":false,"template":"","format":"standard","meta":{"footnotes":""},"categories":[14120],"tags":[28803,2,19430,3406],"class_list":["post-102377","post","type-post","status-publish","format-standard","has-post-thumbnail","hentry","category-noticias","tag-blog-com-mais-visualizacoes","tag-blog-do-edvaldo-magalhaes","tag-blog-mais-acessado-de-caruaru","tag-caruaru"],"_links":{"self":[{"href":"https:\/\/blogdoedvaldomagalhaes.com.br\/index.php\/wp-json\/wp\/v2\/posts\/102377","targetHints":{"allow":["GET"]}}],"collection":[{"href":"https:\/\/blogdoedvaldomagalhaes.com.br\/index.php\/wp-json\/wp\/v2\/posts"}],"about":[{"href":"https:\/\/blogdoedvaldomagalhaes.com.br\/index.php\/wp-json\/wp\/v2\/types\/post"}],"author":[{"embeddable":true,"href":"https:\/\/blogdoedvaldomagalhaes.com.br\/index.php\/wp-json\/wp\/v2\/users\/1"}],"replies":[{"embeddable":true,"href":"https:\/\/blogdoedvaldomagalhaes.com.br\/index.php\/wp-json\/wp\/v2\/comments?post=102377"}],"version-history":[{"count":1,"href":"https:\/\/blogdoedvaldomagalhaes.com.br\/index.php\/wp-json\/wp\/v2\/posts\/102377\/revisions"}],"predecessor-version":[{"id":102379,"href":"https:\/\/blogdoedvaldomagalhaes.com.br\/index.php\/wp-json\/wp\/v2\/posts\/102377\/revisions\/102379"}],"wp:featuredmedia":[{"embeddable":true,"href":"https:\/\/blogdoedvaldomagalhaes.com.br\/index.php\/wp-json\/wp\/v2\/media\/102378"}],"wp:attachment":[{"href":"https:\/\/blogdoedvaldomagalhaes.com.br\/index.php\/wp-json\/wp\/v2\/media?parent=102377"}],"wp:term":[{"taxonomy":"category","embeddable":true,"href":"https:\/\/blogdoedvaldomagalhaes.com.br\/index.php\/wp-json\/wp\/v2\/categories?post=102377"},{"taxonomy":"post_tag","embeddable":true,"href":"https:\/\/blogdoedvaldomagalhaes.com.br\/index.php\/wp-json\/wp\/v2\/tags?post=102377"}],"curies":[{"name":"wp","href":"https:\/\/api.w.org\/{rel}","templated":true}]}}