{"id":102367,"date":"2023-10-30T13:38:30","date_gmt":"2023-10-30T16:38:30","guid":{"rendered":"https:\/\/blogdoedvaldomagalhaes.com.br\/?p=102367"},"modified":"2023-10-30T13:39:50","modified_gmt":"2023-10-30T16:39:50","slug":"feiras-de-fim-de-ano-comecam-na-quinta-feira-09-confira-o-calendario","status":"publish","type":"post","link":"https:\/\/blogdoedvaldomagalhaes.com.br\/index.php\/2023\/10\/30\/feiras-de-fim-de-ano-comecam-na-quinta-feira-09-confira-o-calendario\/","title":{"rendered":"Feiras de fim de ano come\u00e7am na quinta-feira (09); Confira o calend\u00e1rio"},"content":{"rendered":"<p><span style=\"font-size: revert\">A Secretaria de Ordem P\u00fablica (Secop), informa que a Feira da Sulanca, no Parque 18 de Maio, nos meses de novembro e dezembro, acontecer\u00e3o \u00e0s quintas-feiras, das 15h at\u00e9 23h, e sextas-feiras, das 4h at\u00e9 12h.<\/span><\/p>\n<p>As datas foram acordadas com o Sindicato dos Lojistas do Com\u00e9rcio de Caruaru (Sindloja), a Associa\u00e7\u00e3o Comercial e Empresarial de Caruaru (Acic), a C\u00e2mara de Dirigentes Lojistas de Caruaru (CDL Caruaru), o 4\u00ba Batalh\u00e3o da Pol\u00edcia Militar, a Associa\u00e7\u00e3o dos Artes\u00f5es e Comerciantes da Feira de Artesanato de Caruaru (Aacfac); bem como a Associa\u00e7\u00e3o Uni\u00e3o dos Sulanqueiros (AUS), a Associa\u00e7\u00e3o dos Sulanqueiros Feirantes de Caruaru (Asfac) e o Empreendimento Fundac.<\/p>\n<p>Com o fim de ano e a crescente movimenta\u00e7\u00e3o no com\u00e9rcio, em raz\u00e3o das festividades de Natal e Ano Novo, foi montado um calend\u00e1rio especial. \u201cAproximadamente, mais de 10 mil feirantes estar\u00e3o comercializando e aquecendo ainda mais o com\u00e9rcio da cidade. Estaremos recebendo esses compradores da melhor forma poss\u00edvel, para que todos se sintam satisfeitos, vendendo e comprando com seguran\u00e7a para todos\u201d, afirmou o administrador das feiras do Parque 18 de maio, Capit\u00e3o Ant\u00f4nio Oliveira.<\/p>\n<p>Confira abaixo, as datas da Feira da Sulanca:<br \/>\nNovembro &#8211; 09 e 10; 16 e 17; 23 e 24; e 30;<br \/>\nDezembro \u2013 01; 07 e 08; 14 e 15; 21 e 22; 28 e 29.<\/p>\n<p>Siga o Instagram do Blog para comentar @blogdoedvaldomagalhaes<\/p>\n<p>Se inscreva no canal do Blog no YouTube<\/p>\n<p><span style=\"font-size: revert\"><img loading=\"lazy\" decoding=\"async\" src=\"https:\/\/blogdoedvaldomagalhaes.com.br\/wp-content\/uploads\/2023\/10\/677eb86d-87a0-4bb2-a7e3-99a935405d83.jpg\" class=\"size-full wp-image-102370\" width=\"1080\" height=\"1080\" srcset=\"https:\/\/blogdoedvaldomagalhaes.com.br\/wp-content\/uploads\/2023\/10\/677eb86d-87a0-4bb2-a7e3-99a935405d83.jpg 1080w, https:\/\/blogdoedvaldomagalhaes.com.br\/wp-content\/uploads\/2023\/10\/677eb86d-87a0-4bb2-a7e3-99a935405d83-300x300.jpg 300w, https:\/\/blogdoedvaldomagalhaes.com.br\/wp-content\/uploads\/2023\/10\/677eb86d-87a0-4bb2-a7e3-99a935405d83-1024x1024.jpg 1024w, https:\/\/blogdoedvaldomagalhaes.com.br\/wp-content\/uploads\/2023\/10\/677eb86d-87a0-4bb2-a7e3-99a935405d83-150x150.jpg 150w, https:\/\/blogdoedvaldomagalhaes.com.br\/wp-content\/uploads\/2023\/10\/677eb86d-87a0-4bb2-a7e3-99a935405d83-768x768.jpg 768w\" sizes=\"auto, (max-width: 1080px) 100vw, 1080px\" \/><\/span><\/p>\n","protected":false},"excerpt":{"rendered":"<p>A Secretaria de Ordem P\u00fablica (Secop), informa que a Feira da Sulanca, no Parque 18 de Maio, nos meses de&hellip;<\/p>\n","protected":false},"author":1,"featured_media":102368,"comment_status":"closed","ping_status":"open","sticky":false,"template":"","format":"standard","meta":{"footnotes":""},"categories":[14120],"tags":[2,28801,3406,28975],"class_list":["post-102367","post","type-post","status-publish","format-standard","has-post-thumbnail","hentry","category-noticias","tag-blog-do-edvaldo-magalhaes","tag-blog-mais-acessado","tag-caruaru","tag-feiras-de-fim-de-ano-comecam-na-quinta-feira-09-confira-o-calendario"],"_links":{"self":[{"href":"https:\/\/blogdoedvaldomagalhaes.com.br\/index.php\/wp-json\/wp\/v2\/posts\/102367","targetHints":{"allow":["GET"]}}],"collection":[{"href":"https:\/\/blogdoedvaldomagalhaes.com.br\/index.php\/wp-json\/wp\/v2\/posts"}],"about":[{"href":"https:\/\/blogdoedvaldomagalhaes.com.br\/index.php\/wp-json\/wp\/v2\/types\/post"}],"author":[{"embeddable":true,"href":"https:\/\/blogdoedvaldomagalhaes.com.br\/index.php\/wp-json\/wp\/v2\/users\/1"}],"replies":[{"embeddable":true,"href":"https:\/\/blogdoedvaldomagalhaes.com.br\/index.php\/wp-json\/wp\/v2\/comments?post=102367"}],"version-history":[{"count":2,"href":"https:\/\/blogdoedvaldomagalhaes.com.br\/index.php\/wp-json\/wp\/v2\/posts\/102367\/revisions"}],"predecessor-version":[{"id":102371,"href":"https:\/\/blogdoedvaldomagalhaes.com.br\/index.php\/wp-json\/wp\/v2\/posts\/102367\/revisions\/102371"}],"wp:featuredmedia":[{"embeddable":true,"href":"https:\/\/blogdoedvaldomagalhaes.com.br\/index.php\/wp-json\/wp\/v2\/media\/102368"}],"wp:attachment":[{"href":"https:\/\/blogdoedvaldomagalhaes.com.br\/index.php\/wp-json\/wp\/v2\/media?parent=102367"}],"wp:term":[{"taxonomy":"category","embeddable":true,"href":"https:\/\/blogdoedvaldomagalhaes.com.br\/index.php\/wp-json\/wp\/v2\/categories?post=102367"},{"taxonomy":"post_tag","embeddable":true,"href":"https:\/\/blogdoedvaldomagalhaes.com.br\/index.php\/wp-json\/wp\/v2\/tags?post=102367"}],"curies":[{"name":"wp","href":"https:\/\/api.w.org\/{rel}","templated":true}]}}