{"id":102358,"date":"2023-10-30T11:42:10","date_gmt":"2023-10-30T14:42:10","guid":{"rendered":"https:\/\/blogdoedvaldomagalhaes.com.br\/?p=102358"},"modified":"2023-10-30T11:55:16","modified_gmt":"2023-10-30T14:55:16","slug":"festival-musicaruaru-celebrando-a-diversidade-musical-no-coracao-do-agreste-pernambucano-aos-sabados-e-domingos","status":"publish","type":"post","link":"https:\/\/blogdoedvaldomagalhaes.com.br\/index.php\/2023\/10\/30\/festival-musicaruaru-celebrando-a-diversidade-musical-no-coracao-do-agreste-pernambucano-aos-sabados-e-domingos\/","title":{"rendered":"Festival MusiCaruaru: Celebrando a Diversidade Musical no Cora\u00e7\u00e3o do Agreste Pernambucano, aos s\u00e1bados e domingos"},"content":{"rendered":"<p>Caruaru, a &#8220;Capital do Forr\u00f3&#8221;, famosa por sediar o &#8220;Maior e Melhor S\u00e3o Jo\u00e3o do Mundo&#8221;, revela mais uma joia em seu calend\u00e1rio cultural: o Festival MUSICARUARU. Este evento, que ocorrer\u00e1 todos os s\u00e1bados e domingos do m\u00eas de novembro, a partir das 13h, na Casa Rosa em Caruaru, \u00e9 um mergulho profundo na rica e especial cena musical que permeia a regi\u00e3o do Agreste de Pernambuco.<br \/>\nCaruaru, terra dos bonecos do Mestre Vitalino e dos trios de forr\u00f3, tamb\u00e9m \u00e9 ber\u00e7o de presentes como Onildo Almeida, Azul\u00e3o e Petr\u00facio Amorim. Luiz Gonzaga, o eterno rei do Bai\u00e3o, mesmo n\u00e3o sendo caruaruense, dedicou m\u00fasicas \u00e0 cidade. O forr\u00f3 \u00e9 uma ess\u00eancia musical que n\u00e3o s\u00f3 predomina em Caruaru, mas \u00e9 identificado, sendo personificado na famosa &#8220;A Feira de Caruaru&#8221;, composta por Onildo Almeida e imortalizada por Luiz Gonzaga.<br \/>\nNo entanto, o MUSICARUARU vai al\u00e9m do forr\u00f3. Ele celebra a diversidade cultural da regi\u00e3o, abrangendo as artes pl\u00e1sticas, a dan\u00e7a, a literatura, o teatro e, \u00e9 claro, a m\u00fasica em suas mais variadas vertentes. A cidade, com seu t\u00edtulo de &#8220;Capital do Forr\u00f3&#8221;, tornou-se um caldeir\u00e3o cultural onde novos artistas, inspirados pelas ra\u00edzes tradicionais, mesclam tradi\u00e7\u00e3o e inova\u00e7\u00e3o, criando novas sonoridades e repert\u00f3rios.<br \/>\nA ind\u00fastria da m\u00fasica \u00e9 o foco deste festival, que busca n\u00e3o apenas celebrar, mas tamb\u00e9m educar e orientar os m\u00fasicos e empreendedores musicais da regi\u00e3o. Afinal, a m\u00fasica est\u00e1 presente na vida de todos, transcende classes sociais e gera oportunidades de neg\u00f3cios para todos.<br \/>\nO MUSICARUARU \u00e9 um convite para todos aqueles que desejam empreender na ind\u00fastria musical, proporcionando insights valiosos sobre os desafios e as oportunidades desse setor.<br \/>\nO evento \u00e9 uma realiza\u00e7\u00e3o da JEAN CARLOS PRODU\u00c7\u00d5ES E MINHOQUINHA EVENTOS, que tamb\u00e9m assinam a Curadoria. Contam com o apoio do Governo Federal, Minist\u00e9rio da Cultura, Governo de Pernambuco, FUNDARPE e <span style=\"font-size: revert\">Prefeitura de Caruaru atrav\u00e9s da Funda\u00e7\u00e3o de Cultura. A Casa Rosa, um local ic\u00f4nico em Caruaru, ser\u00e1 o palco para essa celebra\u00e7\u00e3o da m\u00fasica e da cultura.<\/span><\/p>\n<p>Prepare-se para vivenciar um m\u00eas repleto de m\u00fasica, arte e empreendedorismo musical no cora\u00e7\u00e3o do Agreste de Pernambuco. O MUSICARUARU &#8211; Festival \u00e9 uma oportunidade de mergulhar na riqueza musical da regi\u00e3o, aprender com os melhores, e celebrar a paix\u00e3o pela m\u00fasica em todas as suas formas. Junte-se a n\u00f3s e fa\u00e7a parte desta jornada musical \u00fanica!<br \/>\nPara mais informa\u00e7\u00f5es, atualiza\u00e7\u00f5es e novidades sobre o festival, visite as redes sociais da Prefeitura de caruaru, Portal cultura PE e @Musicaruaru<\/p>\n<p><img loading=\"lazy\" decoding=\"async\" src=\"https:\/\/blogdoedvaldomagalhaes.com.br\/wp-content\/uploads\/2023\/10\/7dd89c07-f8b2-4410-8d65-97da1cf66448.jpg\" class=\"size-full wp-image-102365\" width=\"1080\" height=\"1350\" srcset=\"https:\/\/blogdoedvaldomagalhaes.com.br\/wp-content\/uploads\/2023\/10\/7dd89c07-f8b2-4410-8d65-97da1cf66448.jpg 1080w, https:\/\/blogdoedvaldomagalhaes.com.br\/wp-content\/uploads\/2023\/10\/7dd89c07-f8b2-4410-8d65-97da1cf66448-240x300.jpg 240w, https:\/\/blogdoedvaldomagalhaes.com.br\/wp-content\/uploads\/2023\/10\/7dd89c07-f8b2-4410-8d65-97da1cf66448-819x1024.jpg 819w, https:\/\/blogdoedvaldomagalhaes.com.br\/wp-content\/uploads\/2023\/10\/7dd89c07-f8b2-4410-8d65-97da1cf66448-768x960.jpg 768w\" sizes=\"auto, (max-width: 1080px) 100vw, 1080px\" \/><\/p>\n<p><img loading=\"lazy\" decoding=\"async\" src=\"https:\/\/blogdoedvaldomagalhaes.com.br\/wp-content\/uploads\/2023\/10\/bb84d5e5-5f07-4284-9e5f-0739d41075ee.jpg\" class=\"size-full wp-image-102361\" width=\"1080\" height=\"1080\" srcset=\"https:\/\/blogdoedvaldomagalhaes.com.br\/wp-content\/uploads\/2023\/10\/bb84d5e5-5f07-4284-9e5f-0739d41075ee.jpg 1080w, https:\/\/blogdoedvaldomagalhaes.com.br\/wp-content\/uploads\/2023\/10\/bb84d5e5-5f07-4284-9e5f-0739d41075ee-300x300.jpg 300w, https:\/\/blogdoedvaldomagalhaes.com.br\/wp-content\/uploads\/2023\/10\/bb84d5e5-5f07-4284-9e5f-0739d41075ee-1024x1024.jpg 1024w, https:\/\/blogdoedvaldomagalhaes.com.br\/wp-content\/uploads\/2023\/10\/bb84d5e5-5f07-4284-9e5f-0739d41075ee-150x150.jpg 150w, https:\/\/blogdoedvaldomagalhaes.com.br\/wp-content\/uploads\/2023\/10\/bb84d5e5-5f07-4284-9e5f-0739d41075ee-768x768.jpg 768w\" sizes=\"auto, (max-width: 1080px) 100vw, 1080px\" \/><\/p>\n<p><img loading=\"lazy\" decoding=\"async\" src=\"https:\/\/blogdoedvaldomagalhaes.com.br\/wp-content\/uploads\/2023\/10\/1eec068c-8079-4028-b361-08e05edb8ce7.jpg\" class=\"size-full wp-image-102362\" width=\"848\" height=\"384\" srcset=\"https:\/\/blogdoedvaldomagalhaes.com.br\/wp-content\/uploads\/2023\/10\/1eec068c-8079-4028-b361-08e05edb8ce7.jpg 848w, https:\/\/blogdoedvaldomagalhaes.com.br\/wp-content\/uploads\/2023\/10\/1eec068c-8079-4028-b361-08e05edb8ce7-300x136.jpg 300w, https:\/\/blogdoedvaldomagalhaes.com.br\/wp-content\/uploads\/2023\/10\/1eec068c-8079-4028-b361-08e05edb8ce7-768x348.jpg 768w\" sizes=\"auto, (max-width: 848px) 100vw, 848px\" \/><\/p>\n","protected":false},"excerpt":{"rendered":"<p>Caruaru, a &#8220;Capital do Forr\u00f3&#8221;, famosa por sediar o &#8220;Maior e Melhor S\u00e3o Jo\u00e3o do Mundo&#8221;, revela mais uma joia&hellip;<\/p>\n","protected":false},"author":1,"featured_media":102359,"comment_status":"closed","ping_status":"open","sticky":false,"template":"","format":"standard","meta":{"footnotes":""},"categories":[14120],"tags":[28803,2,28801,3406,28974],"class_list":["post-102358","post","type-post","status-publish","format-standard","has-post-thumbnail","hentry","category-noticias","tag-blog-com-mais-visualizacoes","tag-blog-do-edvaldo-magalhaes","tag-blog-mais-acessado","tag-caruaru","tag-festival-musicaruaru-celebrando-a-diversidade-musical-no-coracao-do-agreste-pernambucano-aos-sabados-e-domingos"],"_links":{"self":[{"href":"https:\/\/blogdoedvaldomagalhaes.com.br\/index.php\/wp-json\/wp\/v2\/posts\/102358","targetHints":{"allow":["GET"]}}],"collection":[{"href":"https:\/\/blogdoedvaldomagalhaes.com.br\/index.php\/wp-json\/wp\/v2\/posts"}],"about":[{"href":"https:\/\/blogdoedvaldomagalhaes.com.br\/index.php\/wp-json\/wp\/v2\/types\/post"}],"author":[{"embeddable":true,"href":"https:\/\/blogdoedvaldomagalhaes.com.br\/index.php\/wp-json\/wp\/v2\/users\/1"}],"replies":[{"embeddable":true,"href":"https:\/\/blogdoedvaldomagalhaes.com.br\/index.php\/wp-json\/wp\/v2\/comments?post=102358"}],"version-history":[{"count":3,"href":"https:\/\/blogdoedvaldomagalhaes.com.br\/index.php\/wp-json\/wp\/v2\/posts\/102358\/revisions"}],"predecessor-version":[{"id":102366,"href":"https:\/\/blogdoedvaldomagalhaes.com.br\/index.php\/wp-json\/wp\/v2\/posts\/102358\/revisions\/102366"}],"wp:featuredmedia":[{"embeddable":true,"href":"https:\/\/blogdoedvaldomagalhaes.com.br\/index.php\/wp-json\/wp\/v2\/media\/102359"}],"wp:attachment":[{"href":"https:\/\/blogdoedvaldomagalhaes.com.br\/index.php\/wp-json\/wp\/v2\/media?parent=102358"}],"wp:term":[{"taxonomy":"category","embeddable":true,"href":"https:\/\/blogdoedvaldomagalhaes.com.br\/index.php\/wp-json\/wp\/v2\/categories?post=102358"},{"taxonomy":"post_tag","embeddable":true,"href":"https:\/\/blogdoedvaldomagalhaes.com.br\/index.php\/wp-json\/wp\/v2\/tags?post=102358"}],"curies":[{"name":"wp","href":"https:\/\/api.w.org\/{rel}","templated":true}]}}