{"id":102356,"date":"2023-10-30T10:40:16","date_gmt":"2023-10-30T13:40:16","guid":{"rendered":"https:\/\/blogdoedvaldomagalhaes.com.br\/?p=102356"},"modified":"2023-10-30T10:40:17","modified_gmt":"2023-10-30T13:40:17","slug":"vereador-cabo-cardoso-e-homenageado-no-aniversario-de-60-anos-do-4-bpm","status":"publish","type":"post","link":"https:\/\/blogdoedvaldomagalhaes.com.br\/index.php\/2023\/10\/30\/vereador-cabo-cardoso-e-homenageado-no-aniversario-de-60-anos-do-4-bpm\/","title":{"rendered":"Vereador Cabo Cardoso \u00e9 homenageado no anivers\u00e1rio de 60 anos do 4\u00b0 BPM"},"content":{"rendered":"<p>O Vereador Cabo Cardoso homenageia e \u00e9 homenageado durante evento que marca o anivers\u00e1rio de 60 anos da organiza\u00e7\u00e3o militar estadual. Um momento importante onde o parlamentar foi calorosamente aplaudido quando seu nome foi citado para compor a mesa de honra, isso mostra que os militares em Caruaru se sentem bem representados pelo Vereador Cabo Cardoso que por sua vez n\u00e3o mede esfor\u00e7os para estar sempre ao lado da fam\u00edlia policial militar com representa\u00e7\u00e3o na C\u00e2mara Municipal em Caruaru. Foto: Divulga\u00e7\u00e3o.<\/p>\n<p>Siga o Instagram do Blog para comentar @blogdoedvaldomagalhaes<br \/>\nSe inscreva no canal do Blog no You Tube<\/p>\n","protected":false},"excerpt":{"rendered":"<p>O Vereador Cabo Cardoso homenageia e \u00e9 homenageado durante evento que marca o anivers\u00e1rio de 60 anos da organiza\u00e7\u00e3o militar&hellip;<\/p>\n","protected":false},"author":1,"featured_media":102353,"comment_status":"closed","ping_status":"open","sticky":false,"template":"","format":"standard","meta":{"footnotes":""},"categories":[14122],"tags":[28803,2,28801,3406,20,28973],"class_list":["post-102356","post","type-post","status-publish","format-standard","has-post-thumbnail","hentry","category-politica","tag-blog-com-mais-visualizacoes","tag-blog-do-edvaldo-magalhaes","tag-blog-mais-acessado","tag-caruaru","tag-politica","tag-vereador-cabo-cardoso-e-homenageado-no-aniversario-de-60-anos-do-4-bpm"],"_links":{"self":[{"href":"https:\/\/blogdoedvaldomagalhaes.com.br\/index.php\/wp-json\/wp\/v2\/posts\/102356","targetHints":{"allow":["GET"]}}],"collection":[{"href":"https:\/\/blogdoedvaldomagalhaes.com.br\/index.php\/wp-json\/wp\/v2\/posts"}],"about":[{"href":"https:\/\/blogdoedvaldomagalhaes.com.br\/index.php\/wp-json\/wp\/v2\/types\/post"}],"author":[{"embeddable":true,"href":"https:\/\/blogdoedvaldomagalhaes.com.br\/index.php\/wp-json\/wp\/v2\/users\/1"}],"replies":[{"embeddable":true,"href":"https:\/\/blogdoedvaldomagalhaes.com.br\/index.php\/wp-json\/wp\/v2\/comments?post=102356"}],"version-history":[{"count":1,"href":"https:\/\/blogdoedvaldomagalhaes.com.br\/index.php\/wp-json\/wp\/v2\/posts\/102356\/revisions"}],"predecessor-version":[{"id":102357,"href":"https:\/\/blogdoedvaldomagalhaes.com.br\/index.php\/wp-json\/wp\/v2\/posts\/102356\/revisions\/102357"}],"wp:featuredmedia":[{"embeddable":true,"href":"https:\/\/blogdoedvaldomagalhaes.com.br\/index.php\/wp-json\/wp\/v2\/media\/102353"}],"wp:attachment":[{"href":"https:\/\/blogdoedvaldomagalhaes.com.br\/index.php\/wp-json\/wp\/v2\/media?parent=102356"}],"wp:term":[{"taxonomy":"category","embeddable":true,"href":"https:\/\/blogdoedvaldomagalhaes.com.br\/index.php\/wp-json\/wp\/v2\/categories?post=102356"},{"taxonomy":"post_tag","embeddable":true,"href":"https:\/\/blogdoedvaldomagalhaes.com.br\/index.php\/wp-json\/wp\/v2\/tags?post=102356"}],"curies":[{"name":"wp","href":"https:\/\/api.w.org\/{rel}","templated":true}]}}