{"id":102349,"date":"2023-10-30T10:09:59","date_gmt":"2023-10-30T13:09:59","guid":{"rendered":"https:\/\/blogdoedvaldomagalhaes.com.br\/?p=102349"},"modified":"2023-10-30T10:11:42","modified_gmt":"2023-10-30T13:11:42","slug":"capital-do-forro-recebera-a-capital-do-baiao","status":"publish","type":"post","link":"https:\/\/blogdoedvaldomagalhaes.com.br\/index.php\/2023\/10\/30\/capital-do-forro-recebera-a-capital-do-baiao\/","title":{"rendered":"Capital do Forr\u00f3 receber\u00e1 a Capital do Bai\u00e3o"},"content":{"rendered":"<p>Prefeito, vereadores e personalidades culturais de Ex\u00fa ser\u00e3o recebidos pelas autoridades de Caruaru no Sal\u00e3o Nobre  do Poder Legislativo.<\/p>\n<p>A solenidade ser\u00e1 a entrega do T\u00edtulo de Cidad\u00e3o de Exu ao amigo, acad\u00eamico e Doutor Honoris Causa da UFPE Onildo Almeida, o poeta da Feira.<br \/>\nE o detalhe: em 32 anos de amizade entre Onildo e LG, foram diversos os convites, mas o compositor nunca foi em Ex\u00fa.  Esse ano, 34 anos de saudades do Rei do Bai\u00e3o<\/p>\n<p>Ex\u00fa vir\u00e1 at\u00e9 Caruaru, representada pelas suas autoridades, em nome daquela gente querida e conterr\u00e2neos do *Rei do Bai\u00e3o!* Aqui ser\u00e3o recebidos pelo Prefeito Rodrigo Pinheiro, o Presidente da Funda\u00e7\u00e3o de Cultura, Herlon Cavalcanti e o Presidente Bruno Lambreta<\/p>\n<p>Caruaru homenageou LG desde 1969, com t\u00edtulo de Cidad\u00e3o, P\u00e1tio de Eventos, maior est\u00e1tua, ( uma em concreto outra em pedra, no P\u00e1tio e no Parque Bara\u00fanas) bairro com nomes das m\u00fasicas, diversos restaurantes.<br \/>\nCr\u00e9ditos: Itaqu\u00ea Fontinele.<\/p>\n<p>Siga o Instagram do Blog para comentar @blogdoedvaldomagalhaed<br \/>\nSe inscreva no canal do Blog no You Tube<\/p>\n","protected":false},"excerpt":{"rendered":"<p>Prefeito, vereadores e personalidades culturais de Ex\u00fa ser\u00e3o recebidos pelas autoridades de Caruaru no Sal\u00e3o Nobre do Poder Legislativo. A&hellip;<\/p>\n","protected":false},"author":1,"featured_media":102351,"comment_status":"closed","ping_status":"open","sticky":false,"template":"","format":"standard","meta":{"footnotes":""},"categories":[14120],"tags":[2,28801,28971,3406],"class_list":["post-102349","post","type-post","status-publish","format-standard","has-post-thumbnail","hentry","category-noticias","tag-blog-do-edvaldo-magalhaes","tag-blog-mais-acessado","tag-capital-do-forro-recebera-a-capital-do-baiao","tag-caruaru"],"_links":{"self":[{"href":"https:\/\/blogdoedvaldomagalhaes.com.br\/index.php\/wp-json\/wp\/v2\/posts\/102349","targetHints":{"allow":["GET"]}}],"collection":[{"href":"https:\/\/blogdoedvaldomagalhaes.com.br\/index.php\/wp-json\/wp\/v2\/posts"}],"about":[{"href":"https:\/\/blogdoedvaldomagalhaes.com.br\/index.php\/wp-json\/wp\/v2\/types\/post"}],"author":[{"embeddable":true,"href":"https:\/\/blogdoedvaldomagalhaes.com.br\/index.php\/wp-json\/wp\/v2\/users\/1"}],"replies":[{"embeddable":true,"href":"https:\/\/blogdoedvaldomagalhaes.com.br\/index.php\/wp-json\/wp\/v2\/comments?post=102349"}],"version-history":[{"count":1,"href":"https:\/\/blogdoedvaldomagalhaes.com.br\/index.php\/wp-json\/wp\/v2\/posts\/102349\/revisions"}],"predecessor-version":[{"id":102350,"href":"https:\/\/blogdoedvaldomagalhaes.com.br\/index.php\/wp-json\/wp\/v2\/posts\/102349\/revisions\/102350"}],"wp:featuredmedia":[{"embeddable":true,"href":"https:\/\/blogdoedvaldomagalhaes.com.br\/index.php\/wp-json\/wp\/v2\/media\/102351"}],"wp:attachment":[{"href":"https:\/\/blogdoedvaldomagalhaes.com.br\/index.php\/wp-json\/wp\/v2\/media?parent=102349"}],"wp:term":[{"taxonomy":"category","embeddable":true,"href":"https:\/\/blogdoedvaldomagalhaes.com.br\/index.php\/wp-json\/wp\/v2\/categories?post=102349"},{"taxonomy":"post_tag","embeddable":true,"href":"https:\/\/blogdoedvaldomagalhaes.com.br\/index.php\/wp-json\/wp\/v2\/tags?post=102349"}],"curies":[{"name":"wp","href":"https:\/\/api.w.org\/{rel}","templated":true}]}}