{"id":102346,"date":"2023-10-30T08:35:34","date_gmt":"2023-10-30T11:35:34","guid":{"rendered":"https:\/\/blogdoedvaldomagalhaes.com.br\/?p=102346"},"modified":"2023-10-30T08:35:35","modified_gmt":"2023-10-30T11:35:35","slug":"6-torneio-de-futsal-entre-pavilhoes-da-penitenciaria-de-caruaru","status":"publish","type":"post","link":"https:\/\/blogdoedvaldomagalhaes.com.br\/index.php\/2023\/10\/30\/6-torneio-de-futsal-entre-pavilhoes-da-penitenciaria-de-caruaru\/","title":{"rendered":"6\u00b0 Torneio de Futsal entre Pavilh\u00f5es da Penitenci\u00e1ria de Caruaru"},"content":{"rendered":"<p>Ser\u00e1 realizada nesta segunda-feira (30) na Penitenci\u00e1ria Juiz Pl\u00e1cido de Souza, em Caruaru, o 6\u00ba Torneio entre pavilh\u00f5es da unidade prisional. A dire\u00e7\u00e3o da unidade vai arrecadar cestas b\u00e1sicas para doar em uma comunidade carente do munic\u00edpio.<\/p>\n<p>Treze equipes ir\u00e3o participar do campeonato, sendo dois grupos de 4 equipes e um com 5 times. Passam para as quartas os dois melhores de cada grupo, e as duas equipes terceiras colocadas no geral. Ser\u00e3o entregues medalhas e trof\u00e9us para os tr\u00eas primeiros colocados, trof\u00e9u para artilheiro e melhor goleiro.<\/p>\n<p>Alguns ex-jogadores foram convidados para atuar na competi\u00e7\u00e3o e ir\u00e3o marcar presen\u00e7a no evento: Danda, Selmir, Adriano, Erik e Arlindo.<\/p>\n<p>Siga o Instagram do Blog para comentar @blogdoedvaldomagalhaes<\/p>\n","protected":false},"excerpt":{"rendered":"<p>Ser\u00e1 realizada nesta segunda-feira (30) na Penitenci\u00e1ria Juiz Pl\u00e1cido de Souza, em Caruaru, o 6\u00ba Torneio entre pavilh\u00f5es da unidade&hellip;<\/p>\n","protected":false},"author":1,"featured_media":102347,"comment_status":"closed","ping_status":"open","sticky":false,"template":"","format":"standard","meta":{"footnotes":""},"categories":[14120],"tags":[28970,28803,2,28801],"class_list":["post-102346","post","type-post","status-publish","format-standard","has-post-thumbnail","hentry","category-noticias","tag-6-torneio-de-futsal-entre-pavilhoes-da-penitenciaria-de-caruaru","tag-blog-com-mais-visualizacoes","tag-blog-do-edvaldo-magalhaes","tag-blog-mais-acessado"],"_links":{"self":[{"href":"https:\/\/blogdoedvaldomagalhaes.com.br\/index.php\/wp-json\/wp\/v2\/posts\/102346","targetHints":{"allow":["GET"]}}],"collection":[{"href":"https:\/\/blogdoedvaldomagalhaes.com.br\/index.php\/wp-json\/wp\/v2\/posts"}],"about":[{"href":"https:\/\/blogdoedvaldomagalhaes.com.br\/index.php\/wp-json\/wp\/v2\/types\/post"}],"author":[{"embeddable":true,"href":"https:\/\/blogdoedvaldomagalhaes.com.br\/index.php\/wp-json\/wp\/v2\/users\/1"}],"replies":[{"embeddable":true,"href":"https:\/\/blogdoedvaldomagalhaes.com.br\/index.php\/wp-json\/wp\/v2\/comments?post=102346"}],"version-history":[{"count":1,"href":"https:\/\/blogdoedvaldomagalhaes.com.br\/index.php\/wp-json\/wp\/v2\/posts\/102346\/revisions"}],"predecessor-version":[{"id":102348,"href":"https:\/\/blogdoedvaldomagalhaes.com.br\/index.php\/wp-json\/wp\/v2\/posts\/102346\/revisions\/102348"}],"wp:featuredmedia":[{"embeddable":true,"href":"https:\/\/blogdoedvaldomagalhaes.com.br\/index.php\/wp-json\/wp\/v2\/media\/102347"}],"wp:attachment":[{"href":"https:\/\/blogdoedvaldomagalhaes.com.br\/index.php\/wp-json\/wp\/v2\/media?parent=102346"}],"wp:term":[{"taxonomy":"category","embeddable":true,"href":"https:\/\/blogdoedvaldomagalhaes.com.br\/index.php\/wp-json\/wp\/v2\/categories?post=102346"},{"taxonomy":"post_tag","embeddable":true,"href":"https:\/\/blogdoedvaldomagalhaes.com.br\/index.php\/wp-json\/wp\/v2\/tags?post=102346"}],"curies":[{"name":"wp","href":"https:\/\/api.w.org\/{rel}","templated":true}]}}