{"id":102339,"date":"2023-10-29T14:43:39","date_gmt":"2023-10-29T17:43:39","guid":{"rendered":"https:\/\/blogdoedvaldomagalhaes.com.br\/?p=102339"},"modified":"2023-10-29T14:55:17","modified_gmt":"2023-10-29T17:55:17","slug":"duplo-homicidio-homem-e-mulher-sao-mortos-a-tiros-em-mesa-de-bar","status":"publish","type":"post","link":"https:\/\/blogdoedvaldomagalhaes.com.br\/index.php\/2023\/10\/29\/duplo-homicidio-homem-e-mulher-sao-mortos-a-tiros-em-mesa-de-bar\/","title":{"rendered":"Duplo homic\u00eddio: Homem e mulher s\u00e3o mortos a tiros em mesa de bar"},"content":{"rendered":"<p>Na madrugada deste domingo (29.10), foi registrado um duplo homic\u00eddio no bairro da Bela Vista, em Vit\u00f3ria de Santo Ant\u00e3o. A pol\u00edcia informou que as v\u00edtimas estavam em um bar conversando com um amigo, quando um ve\u00edculo de cor branca se aproximou e o passageiro efetuou v\u00e1rios disparos de arma de fogo.<\/p>\n<p>As v\u00edtimas foram Lucas Rafael, 29 anos, e Tayane Rodrigues, 19 anos. Se acordo com a pol\u00edcia, Lucas estava com uma quantidade de droga no bolso, j\u00e1 havia sido preso, respondia a inqu\u00e9rito por homic\u00eddio, e seria o alvo do assassino, por\u00e9m, a motiva\u00e7\u00e3o e autoria do crime ainda n\u00e3o foram divulgados. O caso est\u00e1 sendo investigado pela Delegacia de Homic\u00eddios de Vit\u00f3ria de Santo Ant\u00e3o. Os corpos foram encaminhados para o Instituto de Medicina Legal \u2013 IML de Recife.<\/p>\n<p>Siga o Instagram do Blog para comentar @blogdoedvaldomagalhaes<\/p>\n<p>Se inscreva no canal do Blog no YouTube<\/p>\n<p><img loading=\"lazy\" decoding=\"async\" src=\"https:\/\/blogdoedvaldomagalhaes.com.br\/wp-content\/uploads\/2023\/10\/img_0442.jpg\" class=\"size-full wp-image-102342\" width=\"601\" height=\"719\" srcset=\"https:\/\/blogdoedvaldomagalhaes.com.br\/wp-content\/uploads\/2023\/10\/img_0442.jpg 601w, https:\/\/blogdoedvaldomagalhaes.com.br\/wp-content\/uploads\/2023\/10\/img_0442-251x300.jpg 251w\" sizes=\"auto, (max-width: 601px) 100vw, 601px\" \/><\/p>\n","protected":false},"excerpt":{"rendered":"<p>Na madrugada deste domingo (29.10), foi registrado um duplo homic\u00eddio no bairro da Bela Vista, em Vit\u00f3ria de Santo Ant\u00e3o.&hellip;<\/p>\n","protected":false},"author":1,"featured_media":102340,"comment_status":"closed","ping_status":"open","sticky":false,"template":"","format":"standard","meta":{"footnotes":""},"categories":[14121],"tags":[28803,2,28801,3406,28969],"class_list":["post-102339","post","type-post","status-publish","format-standard","has-post-thumbnail","hentry","category-policial","tag-blog-com-mais-visualizacoes","tag-blog-do-edvaldo-magalhaes","tag-blog-mais-acessado","tag-caruaru","tag-duplo-homicidio-homem-e-mulher-sao-mortos-a-tiros-em-mesa-de-bar"],"_links":{"self":[{"href":"https:\/\/blogdoedvaldomagalhaes.com.br\/index.php\/wp-json\/wp\/v2\/posts\/102339","targetHints":{"allow":["GET"]}}],"collection":[{"href":"https:\/\/blogdoedvaldomagalhaes.com.br\/index.php\/wp-json\/wp\/v2\/posts"}],"about":[{"href":"https:\/\/blogdoedvaldomagalhaes.com.br\/index.php\/wp-json\/wp\/v2\/types\/post"}],"author":[{"embeddable":true,"href":"https:\/\/blogdoedvaldomagalhaes.com.br\/index.php\/wp-json\/wp\/v2\/users\/1"}],"replies":[{"embeddable":true,"href":"https:\/\/blogdoedvaldomagalhaes.com.br\/index.php\/wp-json\/wp\/v2\/comments?post=102339"}],"version-history":[{"count":3,"href":"https:\/\/blogdoedvaldomagalhaes.com.br\/index.php\/wp-json\/wp\/v2\/posts\/102339\/revisions"}],"predecessor-version":[{"id":102345,"href":"https:\/\/blogdoedvaldomagalhaes.com.br\/index.php\/wp-json\/wp\/v2\/posts\/102339\/revisions\/102345"}],"wp:featuredmedia":[{"embeddable":true,"href":"https:\/\/blogdoedvaldomagalhaes.com.br\/index.php\/wp-json\/wp\/v2\/media\/102340"}],"wp:attachment":[{"href":"https:\/\/blogdoedvaldomagalhaes.com.br\/index.php\/wp-json\/wp\/v2\/media?parent=102339"}],"wp:term":[{"taxonomy":"category","embeddable":true,"href":"https:\/\/blogdoedvaldomagalhaes.com.br\/index.php\/wp-json\/wp\/v2\/categories?post=102339"},{"taxonomy":"post_tag","embeddable":true,"href":"https:\/\/blogdoedvaldomagalhaes.com.br\/index.php\/wp-json\/wp\/v2\/tags?post=102339"}],"curies":[{"name":"wp","href":"https:\/\/api.w.org\/{rel}","templated":true}]}}