{"id":102275,"date":"2023-10-27T18:17:20","date_gmt":"2023-10-27T21:17:20","guid":{"rendered":"https:\/\/blogdoedvaldomagalhaes.com.br\/?p=102275"},"modified":"2023-10-27T18:17:21","modified_gmt":"2023-10-27T21:17:21","slug":"recem-nascido-se-engasga-e-e-salvo-pela-prf-na-br-232","status":"publish","type":"post","link":"https:\/\/blogdoedvaldomagalhaes.com.br\/index.php\/2023\/10\/27\/recem-nascido-se-engasga-e-e-salvo-pela-prf-na-br-232\/","title":{"rendered":"Rec\u00e9m-nascido se engasga e \u00e9 salvo pela PRF na BR 232"},"content":{"rendered":"<p>Um beb\u00ea rec\u00e9m-nascido, com 10 dias de vida, que estava engasgado e sem sinais de vida foi salvo por policiais rodovi\u00e1rios federais (PRFs). O caso aconteceu na manh\u00e3 desta sexta-feira (27), na BR 232, em Sert\u00e2nia, no Sert\u00e3o de Pernambuco.<\/p>\n<p>Por volta das 9h50, uma fam\u00edlia chegou aflita ao posto da PRF de Cruzeiro do Nordeste. Um beb\u00ea estava desfalecido no colo da m\u00e3e e precisava de socorro imediato. Prontamente, a equipe da PRF realizou uma t\u00e9cnica para desobstruir as vias \u00e1reas do rec\u00e9m-nascido, conhecida como \u201cManobra de Heimlich\u201d. Em pouco tempo, o menino foi reanimado e voltou a respirar.<\/p>\n<p>A fam\u00edlia ficou emocionada e foi orientada a procurar uma unidade de sa\u00fade para avaliar o estado de sa\u00fade do rec\u00e9m-nascido. \u201cNa hora que meu neto come\u00e7ou a se engasgar, pensei na Pol\u00edcia Rodovi\u00e1ria Federal. Eu gritei muito para que meu genro fosse buscar ou chamar eles\u201d, relatou a av\u00f3 do beb\u00ea.<br \/>\nFoto: Divulga\u00e7\u00e3o\/PRF.<\/p>\n<p>Siga o Instagram do Blog para comentar @blogdoedvaldomagalhaes<br \/>\nSe inscreva no canal do Blog no You Tube<\/p>\n","protected":false},"excerpt":{"rendered":"<p>Um beb\u00ea rec\u00e9m-nascido, com 10 dias de vida, que estava engasgado e sem sinais de vida foi salvo por policiais&hellip;<\/p>\n","protected":false},"author":1,"featured_media":102276,"comment_status":"closed","ping_status":"open","sticky":false,"template":"","format":"standard","meta":{"footnotes":""},"categories":[14120],"tags":[28803,2,19430,3406,28957],"class_list":["post-102275","post","type-post","status-publish","format-standard","has-post-thumbnail","hentry","category-noticias","tag-blog-com-mais-visualizacoes","tag-blog-do-edvaldo-magalhaes","tag-blog-mais-acessado-de-caruaru","tag-caruaru","tag-recem-nascido-se-engasga-e-e-salvo-pela-prf-na-br-232"],"_links":{"self":[{"href":"https:\/\/blogdoedvaldomagalhaes.com.br\/index.php\/wp-json\/wp\/v2\/posts\/102275","targetHints":{"allow":["GET"]}}],"collection":[{"href":"https:\/\/blogdoedvaldomagalhaes.com.br\/index.php\/wp-json\/wp\/v2\/posts"}],"about":[{"href":"https:\/\/blogdoedvaldomagalhaes.com.br\/index.php\/wp-json\/wp\/v2\/types\/post"}],"author":[{"embeddable":true,"href":"https:\/\/blogdoedvaldomagalhaes.com.br\/index.php\/wp-json\/wp\/v2\/users\/1"}],"replies":[{"embeddable":true,"href":"https:\/\/blogdoedvaldomagalhaes.com.br\/index.php\/wp-json\/wp\/v2\/comments?post=102275"}],"version-history":[{"count":1,"href":"https:\/\/blogdoedvaldomagalhaes.com.br\/index.php\/wp-json\/wp\/v2\/posts\/102275\/revisions"}],"predecessor-version":[{"id":102277,"href":"https:\/\/blogdoedvaldomagalhaes.com.br\/index.php\/wp-json\/wp\/v2\/posts\/102275\/revisions\/102277"}],"wp:featuredmedia":[{"embeddable":true,"href":"https:\/\/blogdoedvaldomagalhaes.com.br\/index.php\/wp-json\/wp\/v2\/media\/102276"}],"wp:attachment":[{"href":"https:\/\/blogdoedvaldomagalhaes.com.br\/index.php\/wp-json\/wp\/v2\/media?parent=102275"}],"wp:term":[{"taxonomy":"category","embeddable":true,"href":"https:\/\/blogdoedvaldomagalhaes.com.br\/index.php\/wp-json\/wp\/v2\/categories?post=102275"},{"taxonomy":"post_tag","embeddable":true,"href":"https:\/\/blogdoedvaldomagalhaes.com.br\/index.php\/wp-json\/wp\/v2\/tags?post=102275"}],"curies":[{"name":"wp","href":"https:\/\/api.w.org\/{rel}","templated":true}]}}