{"id":102269,"date":"2023-10-27T17:54:00","date_gmt":"2023-10-27T20:54:00","guid":{"rendered":"https:\/\/blogdoedvaldomagalhaes.com.br\/?p=102269"},"modified":"2023-10-27T17:55:03","modified_gmt":"2023-10-27T20:55:03","slug":"sismuc-regional-convoca-servidores-associados-para-assembleia-geral-neste-sabado-28","status":"publish","type":"post","link":"https:\/\/blogdoedvaldomagalhaes.com.br\/index.php\/2023\/10\/27\/sismuc-regional-convoca-servidores-associados-para-assembleia-geral-neste-sabado-28\/","title":{"rendered":"Sismuc Regional convoca servidores associados para assembleia geral neste s\u00e1bado (28)"},"content":{"rendered":"<p>Neste s\u00e1bado (28), a partir das 9h, o presidente do SISMUC &#8211; Regional, Eduardo Mendon\u00e7a, convoca os servidores associados, bem como: lactaristas, motoristas, auxiliares, merendeiras, e demais categorias interessadas para uma assembleia geral.<\/p>\n<p>Em pauta, informes gerais, solicita\u00e7\u00f5es n\u00e3o respondidas e o PCC dessas categorias. A assembleia acontecer\u00e1 no audit\u00f3rio do sindicato, na Rua Padre F\u00e9lix Barreto, n\u00b050 &#8211; centro. Foto: Divulga\u00e7\u00e3o.<\/p>\n<p>Siga o Instagram do Blog para comentar @blogdoedvaldomagalhaes<br \/>\nSe inscreva no canal do Blog no You Tube<\/p>\n<p><img loading=\"lazy\" decoding=\"async\" src=\"https:\/\/blogdoedvaldomagalhaes.com.br\/wp-content\/uploads\/2023\/10\/img-20231027-wa0056707372157251115967.jpg\" class=\"wp-image-102272 alignnone size-full\" width=\"979\" height=\"1280\" srcset=\"https:\/\/blogdoedvaldomagalhaes.com.br\/wp-content\/uploads\/2023\/10\/img-20231027-wa0056707372157251115967.jpg 979w, https:\/\/blogdoedvaldomagalhaes.com.br\/wp-content\/uploads\/2023\/10\/img-20231027-wa0056707372157251115967-229x300.jpg 229w, https:\/\/blogdoedvaldomagalhaes.com.br\/wp-content\/uploads\/2023\/10\/img-20231027-wa0056707372157251115967-783x1024.jpg 783w, https:\/\/blogdoedvaldomagalhaes.com.br\/wp-content\/uploads\/2023\/10\/img-20231027-wa0056707372157251115967-768x1004.jpg 768w\" sizes=\"auto, (max-width: 979px) 100vw, 979px\" \/><\/p>\n","protected":false},"excerpt":{"rendered":"<p>Neste s\u00e1bado (28), a partir das 9h, o presidente do SISMUC &#8211; Regional, Eduardo Mendon\u00e7a, convoca os servidores associados, bem&hellip;<\/p>\n","protected":false},"author":1,"featured_media":102270,"comment_status":"closed","ping_status":"open","sticky":false,"template":"","format":"standard","meta":{"footnotes":""},"categories":[14120],"tags":[28803,2,28801,3406,28956],"class_list":["post-102269","post","type-post","status-publish","format-standard","has-post-thumbnail","hentry","category-noticias","tag-blog-com-mais-visualizacoes","tag-blog-do-edvaldo-magalhaes","tag-blog-mais-acessado","tag-caruaru","tag-sismuc-regional-convoca-servidores-associados-para-assembleia-geral-neste-sabado-28"],"_links":{"self":[{"href":"https:\/\/blogdoedvaldomagalhaes.com.br\/index.php\/wp-json\/wp\/v2\/posts\/102269","targetHints":{"allow":["GET"]}}],"collection":[{"href":"https:\/\/blogdoedvaldomagalhaes.com.br\/index.php\/wp-json\/wp\/v2\/posts"}],"about":[{"href":"https:\/\/blogdoedvaldomagalhaes.com.br\/index.php\/wp-json\/wp\/v2\/types\/post"}],"author":[{"embeddable":true,"href":"https:\/\/blogdoedvaldomagalhaes.com.br\/index.php\/wp-json\/wp\/v2\/users\/1"}],"replies":[{"embeddable":true,"href":"https:\/\/blogdoedvaldomagalhaes.com.br\/index.php\/wp-json\/wp\/v2\/comments?post=102269"}],"version-history":[{"count":2,"href":"https:\/\/blogdoedvaldomagalhaes.com.br\/index.php\/wp-json\/wp\/v2\/posts\/102269\/revisions"}],"predecessor-version":[{"id":102273,"href":"https:\/\/blogdoedvaldomagalhaes.com.br\/index.php\/wp-json\/wp\/v2\/posts\/102269\/revisions\/102273"}],"wp:featuredmedia":[{"embeddable":true,"href":"https:\/\/blogdoedvaldomagalhaes.com.br\/index.php\/wp-json\/wp\/v2\/media\/102270"}],"wp:attachment":[{"href":"https:\/\/blogdoedvaldomagalhaes.com.br\/index.php\/wp-json\/wp\/v2\/media?parent=102269"}],"wp:term":[{"taxonomy":"category","embeddable":true,"href":"https:\/\/blogdoedvaldomagalhaes.com.br\/index.php\/wp-json\/wp\/v2\/categories?post=102269"},{"taxonomy":"post_tag","embeddable":true,"href":"https:\/\/blogdoedvaldomagalhaes.com.br\/index.php\/wp-json\/wp\/v2\/tags?post=102269"}],"curies":[{"name":"wp","href":"https:\/\/api.w.org\/{rel}","templated":true}]}}