{"id":102254,"date":"2023-10-26T22:30:19","date_gmt":"2023-10-27T01:30:19","guid":{"rendered":"https:\/\/blogdoedvaldomagalhaes.com.br\/?p=102254"},"modified":"2023-10-26T22:32:25","modified_gmt":"2023-10-27T01:32:25","slug":"ato-politico-cultural-dos-56-anos-de-imortalidade-de-che-guevara","status":"publish","type":"post","link":"https:\/\/blogdoedvaldomagalhaes.com.br\/index.php\/2023\/10\/26\/ato-politico-cultural-dos-56-anos-de-imortalidade-de-che-guevara\/","title":{"rendered":"Ato Pol\u00edtico-Cultural dos 56 anos de imortalidade de Che Guevara"},"content":{"rendered":"<p><span style=\"font-size: revert\">Nesta quinta-feira (26.10), no Sal\u00e3o Nobre da C\u00e2mara de Vereadores de Caruaru, a Unidade Popular &#8211; UP, em parceria com a Uni\u00e3o da Juventude Rebeli\u00e3o e o Jornal A Verdade, realizou um Ato Pol\u00edtico-Cultural em celebra\u00e7\u00e3o aos 56 anos de Imortalidade de Che Guevara. O jornalista cubano Eniel Navarro, que mora em Caruaru h\u00e1 05 anos, participou, al\u00e9m da UP, PSOL, MST, MLC, JR e Sintracon.<\/span><\/p>\n<p>\u201cFoi uma noite para celebrar a imortalidade do guerrilheiro her\u00f3ico, Ernesto Che Guevara, em um momento rico de trocas, com depoimentos de cubanos e brasileiros que vivenciaram Cuba, al\u00e9m de muita m\u00fasica e poesia\u201d, afirmou Iany Morais, presidente da Unidade Popular Caruaru.<span style=\"font-size: revert\">&nbsp;<\/span><\/p>\n<p>Siga o Instagram do Blog para comentar @blogdoedvaldomagalhaes<\/p>\n<p>Se inscreva no canal do Blog no YouTube<\/p>\n<p><span style=\"font-size: revert\"><img loading=\"lazy\" decoding=\"async\" src=\"https:\/\/blogdoedvaldomagalhaes.com.br\/wp-content\/uploads\/2023\/10\/d40ebd54-b812-4ee4-a25c-18446e769d3d-scaled.jpg\" class=\"size-full wp-image-102257\" width=\"2560\" height=\"1440\" srcset=\"https:\/\/blogdoedvaldomagalhaes.com.br\/wp-content\/uploads\/2023\/10\/d40ebd54-b812-4ee4-a25c-18446e769d3d-scaled.jpg 2560w, https:\/\/blogdoedvaldomagalhaes.com.br\/wp-content\/uploads\/2023\/10\/d40ebd54-b812-4ee4-a25c-18446e769d3d-300x169.jpg 300w, https:\/\/blogdoedvaldomagalhaes.com.br\/wp-content\/uploads\/2023\/10\/d40ebd54-b812-4ee4-a25c-18446e769d3d-1024x576.jpg 1024w, https:\/\/blogdoedvaldomagalhaes.com.br\/wp-content\/uploads\/2023\/10\/d40ebd54-b812-4ee4-a25c-18446e769d3d-768x432.jpg 768w, https:\/\/blogdoedvaldomagalhaes.com.br\/wp-content\/uploads\/2023\/10\/d40ebd54-b812-4ee4-a25c-18446e769d3d-1536x864.jpg 1536w, https:\/\/blogdoedvaldomagalhaes.com.br\/wp-content\/uploads\/2023\/10\/d40ebd54-b812-4ee4-a25c-18446e769d3d-2048x1152.jpg 2048w, https:\/\/blogdoedvaldomagalhaes.com.br\/wp-content\/uploads\/2023\/10\/d40ebd54-b812-4ee4-a25c-18446e769d3d-1140x641.jpg 1140w, https:\/\/blogdoedvaldomagalhaes.com.br\/wp-content\/uploads\/2023\/10\/d40ebd54-b812-4ee4-a25c-18446e769d3d-720x405.jpg 720w\" sizes=\"auto, (max-width: 2560px) 100vw, 2560px\" \/><\/span><\/p>\n<p><span style=\"font-size: revert\"><img loading=\"lazy\" decoding=\"async\" src=\"https:\/\/blogdoedvaldomagalhaes.com.br\/wp-content\/uploads\/2023\/10\/6f8a567d-9c8d-44d4-92ec-7c56e88aca57-scaled.jpg\" class=\"size-full wp-image-102259\" width=\"2560\" height=\"1440\" srcset=\"https:\/\/blogdoedvaldomagalhaes.com.br\/wp-content\/uploads\/2023\/10\/6f8a567d-9c8d-44d4-92ec-7c56e88aca57-scaled.jpg 2560w, https:\/\/blogdoedvaldomagalhaes.com.br\/wp-content\/uploads\/2023\/10\/6f8a567d-9c8d-44d4-92ec-7c56e88aca57-300x169.jpg 300w, https:\/\/blogdoedvaldomagalhaes.com.br\/wp-content\/uploads\/2023\/10\/6f8a567d-9c8d-44d4-92ec-7c56e88aca57-1024x576.jpg 1024w, https:\/\/blogdoedvaldomagalhaes.com.br\/wp-content\/uploads\/2023\/10\/6f8a567d-9c8d-44d4-92ec-7c56e88aca57-768x432.jpg 768w, https:\/\/blogdoedvaldomagalhaes.com.br\/wp-content\/uploads\/2023\/10\/6f8a567d-9c8d-44d4-92ec-7c56e88aca57-1536x864.jpg 1536w, https:\/\/blogdoedvaldomagalhaes.com.br\/wp-content\/uploads\/2023\/10\/6f8a567d-9c8d-44d4-92ec-7c56e88aca57-2048x1152.jpg 2048w, https:\/\/blogdoedvaldomagalhaes.com.br\/wp-content\/uploads\/2023\/10\/6f8a567d-9c8d-44d4-92ec-7c56e88aca57-1140x641.jpg 1140w, https:\/\/blogdoedvaldomagalhaes.com.br\/wp-content\/uploads\/2023\/10\/6f8a567d-9c8d-44d4-92ec-7c56e88aca57-720x405.jpg 720w\" sizes=\"auto, (max-width: 2560px) 100vw, 2560px\" \/><\/span><\/p>\n","protected":false},"excerpt":{"rendered":"<p>Nesta quinta-feira (26.10), no Sal\u00e3o Nobre da C\u00e2mara de Vereadores de Caruaru, a Unidade Popular &#8211; UP, em parceria com&hellip;<\/p>\n","protected":false},"author":1,"featured_media":102255,"comment_status":"closed","ping_status":"open","sticky":false,"template":"","format":"standard","meta":{"footnotes":""},"categories":[14120],"tags":[28953,28803,2,28801,20],"class_list":["post-102254","post","type-post","status-publish","format-standard","has-post-thumbnail","hentry","category-noticias","tag-ato-politico-cultural-dos-56-anos-de-imortalidade-de-che-guevara","tag-blog-com-mais-visualizacoes","tag-blog-do-edvaldo-magalhaes","tag-blog-mais-acessado","tag-politica"],"_links":{"self":[{"href":"https:\/\/blogdoedvaldomagalhaes.com.br\/index.php\/wp-json\/wp\/v2\/posts\/102254","targetHints":{"allow":["GET"]}}],"collection":[{"href":"https:\/\/blogdoedvaldomagalhaes.com.br\/index.php\/wp-json\/wp\/v2\/posts"}],"about":[{"href":"https:\/\/blogdoedvaldomagalhaes.com.br\/index.php\/wp-json\/wp\/v2\/types\/post"}],"author":[{"embeddable":true,"href":"https:\/\/blogdoedvaldomagalhaes.com.br\/index.php\/wp-json\/wp\/v2\/users\/1"}],"replies":[{"embeddable":true,"href":"https:\/\/blogdoedvaldomagalhaes.com.br\/index.php\/wp-json\/wp\/v2\/comments?post=102254"}],"version-history":[{"count":3,"href":"https:\/\/blogdoedvaldomagalhaes.com.br\/index.php\/wp-json\/wp\/v2\/posts\/102254\/revisions"}],"predecessor-version":[{"id":102260,"href":"https:\/\/blogdoedvaldomagalhaes.com.br\/index.php\/wp-json\/wp\/v2\/posts\/102254\/revisions\/102260"}],"wp:featuredmedia":[{"embeddable":true,"href":"https:\/\/blogdoedvaldomagalhaes.com.br\/index.php\/wp-json\/wp\/v2\/media\/102255"}],"wp:attachment":[{"href":"https:\/\/blogdoedvaldomagalhaes.com.br\/index.php\/wp-json\/wp\/v2\/media?parent=102254"}],"wp:term":[{"taxonomy":"category","embeddable":true,"href":"https:\/\/blogdoedvaldomagalhaes.com.br\/index.php\/wp-json\/wp\/v2\/categories?post=102254"},{"taxonomy":"post_tag","embeddable":true,"href":"https:\/\/blogdoedvaldomagalhaes.com.br\/index.php\/wp-json\/wp\/v2\/tags?post=102254"}],"curies":[{"name":"wp","href":"https:\/\/api.w.org\/{rel}","templated":true}]}}