{"id":102251,"date":"2023-10-26T21:33:53","date_gmt":"2023-10-27T00:33:53","guid":{"rendered":"https:\/\/blogdoedvaldomagalhaes.com.br\/?p=102251"},"modified":"2023-10-26T21:33:54","modified_gmt":"2023-10-27T00:33:54","slug":"obra-de-maria-promove-congresso-internacional-mariano-em-fatima","status":"publish","type":"post","link":"https:\/\/blogdoedvaldomagalhaes.com.br\/index.php\/2023\/10\/26\/obra-de-maria-promove-congresso-internacional-mariano-em-fatima\/","title":{"rendered":"Obra de Maria promove\u00a0Congresso Internacional\u00a0Mariano, em F\u00e1tima"},"content":{"rendered":"<p><span style=\"font-size: revert;\">Nos dias 28 e 29 de outubro de 2023, a cidade sagrada de F\u00e1tima, Portugal, se prepara para receber uma celebra\u00e7\u00e3o de f\u00e9 &#8211; o Congresso Internacional Mariano. Organizado pela Comunidade Cat\u00f3lica Obra de Maria, o encontro acontece no centro pastoral Paulo VI, e \u00e9 uma jornada espiritual que promete iluminar almas e renovar mentes. Com ora\u00e7\u00f5es, confer\u00eancias, momentos de adora\u00e7\u00e3o e shows espirituais com Padre F\u00e1bio de Melo e Irm\u00e3 Kelly Patr\u00edcia, devotos cat\u00f3licos e estudiosos da religi\u00e3o se re\u00fanem em uma experi\u00eancia enriquecedora de conex\u00e3o com o sagrado.<\/span><\/p>\n<p class=\"s4\"><span class=\"s3\"><span class=\"bumpedFont15\">O congresso come\u00e7a neste s\u00e1bado, dia 28 de outubro, \u00e0s 8h30 horas, com uma ora\u00e7\u00e3o liderada por Maria Salom\u00e9, cofundadora da Obra de Maria, e a recita\u00e7\u00e3o do ter\u00e7o, acompanhados pelo Minist\u00e9rio de M\u00fasica Can\u00e7\u00e3o Nova, sob a dire\u00e7\u00e3o do Padre Bruno. \u00a0A programa\u00e7\u00e3o inclui confer\u00eancias ministradas por l\u00edderes religiosos brasileiros, como os padres Roger Luiz, \u00e0s 9h30, e Edimilson Lopes, \u00e0s 11h15, intercaladas por intervalos com momentos de reflex\u00e3o.<\/span><\/span><\/p>\n<p class=\"s4\"><span class=\"s3\"><span class=\"bumpedFont15\">\u00c0 tarde, ap\u00f3s o almo\u00e7o comunit\u00e1rio, os participantes poder\u00e3o ouvir a apresenta\u00e7\u00e3o do Minist\u00e9rio de M\u00fasica Can\u00e7\u00e3o Nova e participar de uma confer\u00eancia com M\u00e1rcio Mendes, \u00e0s 14h30. <\/span><\/span><span class=\"s3\"><span class=\"bumpedFont15\">Uma<\/span><\/span><span class=\"s3\"><span class=\"bumpedFont15\"> missa ser\u00e1 celebrada pelo Padre Roger <\/span><\/span><span class=\"s3\"><span class=\"bumpedFont15\">Luiz<\/span><\/span><span class=\"s3\"><span class=\"bumpedFont15\"> \u00e0s 16h e o dia terminar\u00e1 com os shows da Irm\u00e3 Kelly Patr\u00edcia e do padre F\u00e1bio de Melo, a partir das 19h30.<\/span><\/span><\/p>\n<p class=\"s4\"><span class=\"s3\"><span class=\"bumpedFont15\">No domingo, 29 de outubro, a manh\u00e3 se inicia com uma ora\u00e7\u00e3o conduzida pelo Minist\u00e9rio de M\u00fasica Can\u00e7\u00e3o Nova, sob a lideran\u00e7a do Padre Bruno e do mission\u00e1rio brasileiro Ironi Spuldaro. O dia segue com algumas confer\u00eancias, incluindo a participa\u00e7\u00e3o de K\u00e1tia Roldi, \u00e0s 9h30, e momentos de adora\u00e7\u00e3o com os padres Edimilson Lopes e Roger Luiz, que seguem at\u00e9 o hor\u00e1rio de almo\u00e7o.<\/span><\/span><\/p>\n<p class=\"s4\"><span class=\"s3\"><span class=\"bumpedFont15\">\u00c0s 14h39, M\u00e1rcio Mendes retorna para que os fi\u00e9is tenham a oportunidade de aprender mais sobre a f\u00e9 cat\u00f3lica. Em seguida, Padre Bruno lidera o Minist\u00e9rio de M\u00fasica, mais uma vez, para alegrar os que est\u00e3o presentes, abrindo espa\u00e7o para que o Padre Edimilson celebre a \u00faltima missa no Congresso Internacional Mariano. O evento <\/span><\/span><span class=\"s3\"><span class=\"bumpedFont15\">ser\u00e1<\/span><\/span><span class=\"s3\"><span class=\"bumpedFont15\"> finalizado \u00e0s 18 horas.<\/span><\/span><\/p>\n<p class=\"s4\"><span class=\"s3\"><span class=\"bumpedFont15\">Cerca de 2.500 pessoas s\u00e3o esperadas para o evento, que est\u00e3o viajando atrav\u00e9s da Obra de Maria Peregrina\u00e7\u00f5es. Destaque especial para o Padre F\u00e1bio de Melo, que atuar\u00e1 como diretor espiritual de um dos grupos, partindo de S\u00e3o Paulo, no dia 27 de outubro. O grupo de peregrinos tem roteiro passando por Lisboa, visitas aos locais das apari\u00e7\u00f5es de Nossa Senhora em 1917 e pontos hist\u00f3ricos relacionados \u00e0 vida dos pastorinhos.<\/span><\/span><\/p>\n<p class=\"s4\"><span class=\"s3\"><span class=\"bumpedFont15\">A peregrina\u00e7\u00e3o liderada pelo Padre F\u00e1bio de Melo se estende para Roma, com visitas \u00e0 Abadia de S\u00e3o Bento e \u00e0s antigas ru\u00ednas de Pompeia, antes de chegar \u00e0 cidade de Sorrento. O itiner\u00e1rio inclui passeios pela Costa Amalfitana, Ilha de Capri e um tour panor\u00e2mico por Roma, antes de retornarem a S\u00e3o Paulo em 5 de novembro.<\/span><\/span><\/p>\n<p class=\"s4\"><span class=\"s3\"><span class=\"bumpedFont15\">O Congresso Internacional Mariano ter\u00e1 transmiss\u00e3o ao vivo pela Comunidade Can\u00e7\u00e3o Nova, em canais de televis\u00e3o cat\u00f3licos, e \u00a0\u00e9 uma oportunidade para os fi\u00e9is cat\u00f3licos mergulharem na f\u00e9, aprenderem com l\u00edderes religiosos renomados e conhecerem a cidade de F\u00e1tima, um local de profundo significado religioso. O Santu\u00e1rio de F\u00e1tima \u00e9 considerado o mais visitado pelos brasileiros,e atrai peregrinos em busca de fortalecer a f\u00e9 e encontrar a paz espiritual. Para mais informa\u00e7\u00f5es e inscri\u00e7\u00f5es, visite o site oficial da Comunidade Cat\u00f3lica Obra de Maria.<\/span><\/span><\/p>\n<p>Foto: Divulga\u00e7\u00e3o.<\/p>\n","protected":false},"excerpt":{"rendered":"<p>Nos dias 28 e 29 de outubro de 2023, a cidade sagrada de F\u00e1tima, Portugal, se prepara para receber uma&hellip;<\/p>\n","protected":false},"author":1,"featured_media":102252,"comment_status":"closed","ping_status":"open","sticky":false,"template":"","format":"standard","meta":{"footnotes":""},"categories":[14120],"tags":[28803,2,28801,3406,28952],"class_list":["post-102251","post","type-post","status-publish","format-standard","has-post-thumbnail","hentry","category-noticias","tag-blog-com-mais-visualizacoes","tag-blog-do-edvaldo-magalhaes","tag-blog-mais-acessado","tag-caruaru","tag-obra-de-maria-promove-congresso-internacional-mariano-em-fatima"],"_links":{"self":[{"href":"https:\/\/blogdoedvaldomagalhaes.com.br\/index.php\/wp-json\/wp\/v2\/posts\/102251","targetHints":{"allow":["GET"]}}],"collection":[{"href":"https:\/\/blogdoedvaldomagalhaes.com.br\/index.php\/wp-json\/wp\/v2\/posts"}],"about":[{"href":"https:\/\/blogdoedvaldomagalhaes.com.br\/index.php\/wp-json\/wp\/v2\/types\/post"}],"author":[{"embeddable":true,"href":"https:\/\/blogdoedvaldomagalhaes.com.br\/index.php\/wp-json\/wp\/v2\/users\/1"}],"replies":[{"embeddable":true,"href":"https:\/\/blogdoedvaldomagalhaes.com.br\/index.php\/wp-json\/wp\/v2\/comments?post=102251"}],"version-history":[{"count":1,"href":"https:\/\/blogdoedvaldomagalhaes.com.br\/index.php\/wp-json\/wp\/v2\/posts\/102251\/revisions"}],"predecessor-version":[{"id":102253,"href":"https:\/\/blogdoedvaldomagalhaes.com.br\/index.php\/wp-json\/wp\/v2\/posts\/102251\/revisions\/102253"}],"wp:featuredmedia":[{"embeddable":true,"href":"https:\/\/blogdoedvaldomagalhaes.com.br\/index.php\/wp-json\/wp\/v2\/media\/102252"}],"wp:attachment":[{"href":"https:\/\/blogdoedvaldomagalhaes.com.br\/index.php\/wp-json\/wp\/v2\/media?parent=102251"}],"wp:term":[{"taxonomy":"category","embeddable":true,"href":"https:\/\/blogdoedvaldomagalhaes.com.br\/index.php\/wp-json\/wp\/v2\/categories?post=102251"},{"taxonomy":"post_tag","embeddable":true,"href":"https:\/\/blogdoedvaldomagalhaes.com.br\/index.php\/wp-json\/wp\/v2\/tags?post=102251"}],"curies":[{"name":"wp","href":"https:\/\/api.w.org\/{rel}","templated":true}]}}