{"id":102246,"date":"2023-10-26T20:51:35","date_gmt":"2023-10-26T23:51:35","guid":{"rendered":"https:\/\/blogdoedvaldomagalhaes.com.br\/?p=102246"},"modified":"2023-10-26T20:51:36","modified_gmt":"2023-10-26T23:51:36","slug":"anderson-correia-volta-a-cobrar-da-compesa-regularidade-e-cumprimento-do-calendario-de-abastecimento","status":"publish","type":"post","link":"https:\/\/blogdoedvaldomagalhaes.com.br\/index.php\/2023\/10\/26\/anderson-correia-volta-a-cobrar-da-compesa-regularidade-e-cumprimento-do-calendario-de-abastecimento\/","title":{"rendered":"Anderson Correia volta a cobrar da Compesa regularidade e cumprimento do calend\u00e1rio de abastecimento"},"content":{"rendered":"<p>Sempre pleiteando as dificuldades da popula\u00e7\u00e3o junto \u00e0 Compesa, o vereador Anderson Correia (PP) voltou a cobrar da companhia a regularidade e o cumprimento do abastecimento de \u00e1gua, que continua falhando para com os caruaruenses. Diante da suspens\u00e3o recente do abastecimento para diversos bairros de Caruaru, devido \u00e0 pane el\u00e9trica ocorrida em uma esta\u00e7\u00e3o elevat\u00f3ria (sistema de bombeamento) pertencente ao Sistema Jucazinho, o edil solicitou uma posi\u00e7\u00e3o da entidade.<\/p>\n<p>Por meio de uma proposi\u00e7\u00e3o, Correia pediu que a Compesa traga para a popula\u00e7\u00e3o um novo calend\u00e1rio de abastecimento de \u00e1gua para Caruaru, e que explique o porqu\u00ea de diversos bairros n\u00e3o estarem sendo abastecidos regularmente, mostrando como est\u00e1 sendo feito a distribui\u00e7\u00e3o do calend\u00e1rio, fazendo cumprir Princ\u00edpio da Publicidade e Efici\u00eancia, da Administra\u00e7\u00e3o P\u00fablica, conforme o Art. 37 da Constitui\u00e7\u00e3o Federal.<\/p>\n<p>\u201cPrecisamos urgente de um posicionamento da Compesa. N\u00e3o \u00e9 s\u00f3 criar o calend\u00e1rio, mas cumpri-lo, fazendo valer o que rege nossa Constitui\u00e7\u00e3o Federal acerca do Princ\u00edpio da Publicidade e Efici\u00eancia, da Administra\u00e7\u00e3o P\u00fablica. S\u00e3o muitas fam\u00edlias que necessitam todos os dias de \u00e1gua em suas casas e n\u00e3o tem o servi\u00e7o de abastecimento h\u00e1 meses em alguns bairros. A cobran\u00e7a segue firme por aqui, pois somos a voz do povo e as coisas precisam mudar diante desta situa\u00e7\u00e3o que s\u00f3 piora, com direito a suspens\u00e3o do servi\u00e7o como aconteceu essa semana. Isso n\u00e3o pode acontecer e esperamos uma resposta na pr\u00e1tica por parte da Compesa\u201d, destacou Anderson.<br \/>\nFoto: Vladimir Barreto.<\/p>\n<p>Siga o Instagram do Blog para comentar @blogdoedvaldomagalhaes<br \/>\nSe inscreva no canal do Blog no You Tube<\/p>\n","protected":false},"excerpt":{"rendered":"<p>Sempre pleiteando as dificuldades da popula\u00e7\u00e3o junto \u00e0 Compesa, o vereador Anderson Correia (PP) voltou a cobrar da companhia a&hellip;<\/p>\n","protected":false},"author":1,"featured_media":100434,"comment_status":"closed","ping_status":"open","sticky":false,"template":"","format":"standard","meta":{"footnotes":""},"categories":[14122],"tags":[28950,28803,2,28801,3406,20],"class_list":["post-102246","post","type-post","status-publish","format-standard","has-post-thumbnail","hentry","category-politica","tag-anderson-correia-volta-a-cobrar-da-compesa-regularidade-e-cumprimento-do-calendario-de-abastecimento","tag-blog-com-mais-visualizacoes","tag-blog-do-edvaldo-magalhaes","tag-blog-mais-acessado","tag-caruaru","tag-politica"],"_links":{"self":[{"href":"https:\/\/blogdoedvaldomagalhaes.com.br\/index.php\/wp-json\/wp\/v2\/posts\/102246","targetHints":{"allow":["GET"]}}],"collection":[{"href":"https:\/\/blogdoedvaldomagalhaes.com.br\/index.php\/wp-json\/wp\/v2\/posts"}],"about":[{"href":"https:\/\/blogdoedvaldomagalhaes.com.br\/index.php\/wp-json\/wp\/v2\/types\/post"}],"author":[{"embeddable":true,"href":"https:\/\/blogdoedvaldomagalhaes.com.br\/index.php\/wp-json\/wp\/v2\/users\/1"}],"replies":[{"embeddable":true,"href":"https:\/\/blogdoedvaldomagalhaes.com.br\/index.php\/wp-json\/wp\/v2\/comments?post=102246"}],"version-history":[{"count":1,"href":"https:\/\/blogdoedvaldomagalhaes.com.br\/index.php\/wp-json\/wp\/v2\/posts\/102246\/revisions"}],"predecessor-version":[{"id":102247,"href":"https:\/\/blogdoedvaldomagalhaes.com.br\/index.php\/wp-json\/wp\/v2\/posts\/102246\/revisions\/102247"}],"wp:featuredmedia":[{"embeddable":true,"href":"https:\/\/blogdoedvaldomagalhaes.com.br\/index.php\/wp-json\/wp\/v2\/media\/100434"}],"wp:attachment":[{"href":"https:\/\/blogdoedvaldomagalhaes.com.br\/index.php\/wp-json\/wp\/v2\/media?parent=102246"}],"wp:term":[{"taxonomy":"category","embeddable":true,"href":"https:\/\/blogdoedvaldomagalhaes.com.br\/index.php\/wp-json\/wp\/v2\/categories?post=102246"},{"taxonomy":"post_tag","embeddable":true,"href":"https:\/\/blogdoedvaldomagalhaes.com.br\/index.php\/wp-json\/wp\/v2\/tags?post=102246"}],"curies":[{"name":"wp","href":"https:\/\/api.w.org\/{rel}","templated":true}]}}