{"id":102240,"date":"2023-10-26T16:49:26","date_gmt":"2023-10-26T19:49:26","guid":{"rendered":"https:\/\/blogdoedvaldomagalhaes.com.br\/?p=102240"},"modified":"2023-10-26T20:25:35","modified_gmt":"2023-10-26T23:25:35","slug":"vereador-jorge-quintino-pede-criacao-de-leitos-adaptados-em-hospitais-e-upas-para-pacientes-tea-e-pcd","status":"publish","type":"post","link":"https:\/\/blogdoedvaldomagalhaes.com.br\/index.php\/2023\/10\/26\/vereador-jorge-quintino-pede-criacao-de-leitos-adaptados-em-hospitais-e-upas-para-pacientes-tea-e-pcd\/","title":{"rendered":"Vereador Jorge Quintino pede Cria\u00e7\u00e3o de Leitos Adaptados em Hospitais e UPAs para pacientes TEA e PCD"},"content":{"rendered":"<p>O vereador Jorge Quintino apresentar\u00e1 hoje um Anteprojeto de Lei que visa estabelecer a obrigatoriedade da cria\u00e7\u00e3o de leitos adaptados em hospitais e Unidades de Pronto Atendimento (UPAs) para pacientes com Transtorno do Espectro Autista (TEA) e pessoas com defici\u00eancia. O Projeto de Lei tem como objetivo garantir um atendimento mais adequado e inclusivo para esse grupo de pacientes na rede de sa\u00fade da cidade.<\/p>\n<p>Segundo o vereador Quintino, a iniciativa visa atender \u00e0s demandas crescentes da comunidade com TEA e pessoas com defici\u00eancia, garantindo que esses pacientes tenham acesso a leitos e instala\u00e7\u00f5es m\u00e9dicas que atendam \u00e0s suas necessidades espec\u00edficas. &#8220;\u00c9 fundamental que nosso sistema de sa\u00fade seja inclusivo e atenda a todos os cidad\u00e3os de maneira justa e equitativa. Este projeto \u00e9 um passo importante na dire\u00e7\u00e3o da inclus\u00e3o e acessibilidade para todos&#8221;, afirmou o vereador. O Projeto de Lei prop\u00f5e que hospitais e UPAs da cidade devem reservar uma quantidade adequada de leitos adaptados, equipados com recursos espec\u00edficos para atender pacientes com TEA e defici\u00eancia. Al\u00e9m disso, os profissionais de sa\u00fade receber\u00e3o treinamento apropriado para garantir um atendimento de qualidade a esse p\u00fablico.<\/p>\n<p>O vereador Jorge Quintino ressaltou que a iniciativa foi desenvolvida em colabora\u00e7\u00e3o com especialistas da \u00e1rea m\u00e9dica e organiza\u00e7\u00f5es que representam pessoas com TEA e com defici\u00eancia. &#8220;Queremos assegurar que as fam\u00edlias que enfrentam desafios di\u00e1rios relacionados a essas condi\u00e7\u00f5es tenham acesso a servi\u00e7os de sa\u00fade de alta qualidade&#8221;, acrescentou. O Projeto de Lei ser\u00e1 submetido \u00e0 an\u00e1lise e discuss\u00e3o na C\u00e2mara Municipal, e o vereador Jorge Quintino est\u00e1 otimista de que ele ser\u00e1 bem recebido por seus colegas e se tornar\u00e1 um passo importante na promo\u00e7\u00e3o da inclus\u00e3o e acessibilidade na rede de sa\u00fade da cidade. Foto: Divulga\u00e7\u00e3o.<\/p>\n<p>Siga o Instagram do Blog do para comentar @blogdoedvaldomagalhaes<br \/>\nSe inscreva no canal do Blog no You Tube<\/p>\n","protected":false},"excerpt":{"rendered":"<p>O vereador Jorge Quintino apresentar\u00e1 hoje um Anteprojeto de Lei que visa estabelecer a obrigatoriedade da cria\u00e7\u00e3o de leitos adaptados&hellip;<\/p>\n","protected":false},"author":1,"featured_media":102245,"comment_status":"closed","ping_status":"open","sticky":false,"template":"","format":"standard","meta":{"footnotes":""},"categories":[14122],"tags":[28925,2,28801,3406,20,28949],"class_list":["post-102240","post","type-post","status-publish","format-standard","has-post-thumbnail","hentry","category-politica","tag-blog-comamos-visualizacoes","tag-blog-do-edvaldo-magalhaes","tag-blog-mais-acessado","tag-caruaru","tag-politica","tag-vereador-jorge-quintino-pede-criacao-de-leitos-adaptados-em-hospitais-e-upas-para-pacientes-tea-e-pcd"],"_links":{"self":[{"href":"https:\/\/blogdoedvaldomagalhaes.com.br\/index.php\/wp-json\/wp\/v2\/posts\/102240","targetHints":{"allow":["GET"]}}],"collection":[{"href":"https:\/\/blogdoedvaldomagalhaes.com.br\/index.php\/wp-json\/wp\/v2\/posts"}],"about":[{"href":"https:\/\/blogdoedvaldomagalhaes.com.br\/index.php\/wp-json\/wp\/v2\/types\/post"}],"author":[{"embeddable":true,"href":"https:\/\/blogdoedvaldomagalhaes.com.br\/index.php\/wp-json\/wp\/v2\/users\/1"}],"replies":[{"embeddable":true,"href":"https:\/\/blogdoedvaldomagalhaes.com.br\/index.php\/wp-json\/wp\/v2\/comments?post=102240"}],"version-history":[{"count":1,"href":"https:\/\/blogdoedvaldomagalhaes.com.br\/index.php\/wp-json\/wp\/v2\/posts\/102240\/revisions"}],"predecessor-version":[{"id":102242,"href":"https:\/\/blogdoedvaldomagalhaes.com.br\/index.php\/wp-json\/wp\/v2\/posts\/102240\/revisions\/102242"}],"wp:featuredmedia":[{"embeddable":true,"href":"https:\/\/blogdoedvaldomagalhaes.com.br\/index.php\/wp-json\/wp\/v2\/media\/102245"}],"wp:attachment":[{"href":"https:\/\/blogdoedvaldomagalhaes.com.br\/index.php\/wp-json\/wp\/v2\/media?parent=102240"}],"wp:term":[{"taxonomy":"category","embeddable":true,"href":"https:\/\/blogdoedvaldomagalhaes.com.br\/index.php\/wp-json\/wp\/v2\/categories?post=102240"},{"taxonomy":"post_tag","embeddable":true,"href":"https:\/\/blogdoedvaldomagalhaes.com.br\/index.php\/wp-json\/wp\/v2\/tags?post=102240"}],"curies":[{"name":"wp","href":"https:\/\/api.w.org\/{rel}","templated":true}]}}