{"id":102233,"date":"2023-10-26T12:27:26","date_gmt":"2023-10-26T15:27:26","guid":{"rendered":"https:\/\/blogdoedvaldomagalhaes.com.br\/?p=102233"},"modified":"2023-10-26T12:29:10","modified_gmt":"2023-10-26T15:29:10","slug":"prefeitura-de-caruaru-anuncia-leilao-de-70-veiculos-e-maquinas","status":"publish","type":"post","link":"https:\/\/blogdoedvaldomagalhaes.com.br\/index.php\/2023\/10\/26\/prefeitura-de-caruaru-anuncia-leilao-de-70-veiculos-e-maquinas\/","title":{"rendered":"Prefeitura de Caruaru anuncia leil\u00e3o de 70 ve\u00edculos e m\u00e1quinas"},"content":{"rendered":"<p>A Prefeitura de Caruaru, por meio da Secretaria de Administra\u00e7\u00e3o (SAD), em parceria com o leiloeiro C\u00e9sar Arag\u00e3o, realizar\u00e1, na ter\u00e7a feira (31), \u00e0s 10h, o leil\u00e3o de 70 ve\u00edculos e m\u00e1quinas do acervo patrimonial da Prefeitura de Caruaru. Os ve\u00edculos leiloados neste evento est\u00e3o sem utiliza\u00e7\u00e3o.<\/p>\n<p>Os interessados em participar dever\u00e3o acessar o site www.aragaoleiloes.com.br, baixar o edital de normas e realizar seu cadastro e inscri\u00e7\u00e3o no evento. L\u00e1, estar\u00e3o dispon\u00edveis as informa\u00e7\u00f5es e fotos dos bens para consulta e envio de lances. Ser\u00e1 permitida a visita\u00e7\u00e3o dos bens mediante agendamento por meio do n\u00famero: (81) 9.9432-7547 (WhatsApp).<\/p>\n<p>\u201cO leil\u00e3o \u00e9 de grande import\u00e2ncia para que os bens que atualmente geram despesas sejam revertidos em recursos para os cofres p\u00fablicos municipais, podendo, assim, serem investidos em \u00e1reas priorit\u00e1rias como melhorias na infraestrutura, sa\u00fade, educa\u00e7\u00e3o, servi\u00e7os de qualidade e outros. Desta forma, contribuindo para uma gest\u00e3o eficiente e transparente\u201d, disse a secret\u00e1ria de Administra\u00e7\u00e3o, Michely Martins.<\/p>\n<p>Siga o Instagram do Blog para comentar @blogdoedvaldomagalhaes<br \/>\nSe inscreva no canal do Blog no You Tube<\/p>\n","protected":false},"excerpt":{"rendered":"<p>A Prefeitura de Caruaru, por meio da Secretaria de Administra\u00e7\u00e3o (SAD), em parceria com o leiloeiro C\u00e9sar Arag\u00e3o, realizar\u00e1, na&hellip;<\/p>\n","protected":false},"author":1,"featured_media":102237,"comment_status":"closed","ping_status":"open","sticky":false,"template":"","format":"standard","meta":{"footnotes":""},"categories":[14120],"tags":[28803,2,28801,3406,28948],"class_list":["post-102233","post","type-post","status-publish","format-standard","has-post-thumbnail","hentry","category-noticias","tag-blog-com-mais-visualizacoes","tag-blog-do-edvaldo-magalhaes","tag-blog-mais-acessado","tag-caruaru","tag-prefeitura-de-caruaru-anuncia-leilao-de-70-veiculos-e-maquinas"],"_links":{"self":[{"href":"https:\/\/blogdoedvaldomagalhaes.com.br\/index.php\/wp-json\/wp\/v2\/posts\/102233","targetHints":{"allow":["GET"]}}],"collection":[{"href":"https:\/\/blogdoedvaldomagalhaes.com.br\/index.php\/wp-json\/wp\/v2\/posts"}],"about":[{"href":"https:\/\/blogdoedvaldomagalhaes.com.br\/index.php\/wp-json\/wp\/v2\/types\/post"}],"author":[{"embeddable":true,"href":"https:\/\/blogdoedvaldomagalhaes.com.br\/index.php\/wp-json\/wp\/v2\/users\/1"}],"replies":[{"embeddable":true,"href":"https:\/\/blogdoedvaldomagalhaes.com.br\/index.php\/wp-json\/wp\/v2\/comments?post=102233"}],"version-history":[{"count":1,"href":"https:\/\/blogdoedvaldomagalhaes.com.br\/index.php\/wp-json\/wp\/v2\/posts\/102233\/revisions"}],"predecessor-version":[{"id":102234,"href":"https:\/\/blogdoedvaldomagalhaes.com.br\/index.php\/wp-json\/wp\/v2\/posts\/102233\/revisions\/102234"}],"wp:featuredmedia":[{"embeddable":true,"href":"https:\/\/blogdoedvaldomagalhaes.com.br\/index.php\/wp-json\/wp\/v2\/media\/102237"}],"wp:attachment":[{"href":"https:\/\/blogdoedvaldomagalhaes.com.br\/index.php\/wp-json\/wp\/v2\/media?parent=102233"}],"wp:term":[{"taxonomy":"category","embeddable":true,"href":"https:\/\/blogdoedvaldomagalhaes.com.br\/index.php\/wp-json\/wp\/v2\/categories?post=102233"},{"taxonomy":"post_tag","embeddable":true,"href":"https:\/\/blogdoedvaldomagalhaes.com.br\/index.php\/wp-json\/wp\/v2\/tags?post=102233"}],"curies":[{"name":"wp","href":"https:\/\/api.w.org\/{rel}","templated":true}]}}