{"id":102230,"date":"2023-10-26T11:32:02","date_gmt":"2023-10-26T14:32:02","guid":{"rendered":"https:\/\/blogdoedvaldomagalhaes.com.br\/?p=102230"},"modified":"2023-10-26T13:39:58","modified_gmt":"2023-10-26T16:39:58","slug":"equipe-da-delegacia-de-homicidios-de-caruaru-prende-acusado-de-matar-mulher-em-espetinho","status":"publish","type":"post","link":"https:\/\/blogdoedvaldomagalhaes.com.br\/index.php\/2023\/10\/26\/equipe-da-delegacia-de-homicidios-de-caruaru-prende-acusado-de-matar-mulher-em-espetinho\/","title":{"rendered":"Equipe da Delegacia de Homic\u00eddios de Caruaru prende acusado de matar mulher em espetinho"},"content":{"rendered":"<p>A POL\u00cdCIA CIVIL DE PERNAMBUCO, na manh\u00e3 desta quinta-feira (26\/10), por meio da equipe da investiga\u00e7\u00e3o da 19\u00aa Delegacia de Homic\u00eddios de Caruaru , sob o comando do Delegado Eric Costa Candido, efetuou o cumprimento de Mandado de Pris\u00e3o Preventiva do autor do homic\u00eddio que vitimou DANIELA MARIA TEIXEIRA. Foi preso Roberto da Silva Pereira, conhecido como Robertinho, de 27 anos.<\/p>\n<p>O crime: A v\u00edtima foi atingida por golpe de arma branca (provavelmente uma faca tipo peixeira), fato ocorrido em via P\u00fablica nessa cidade de Caruaru no dia 21\/10\/2023, ap\u00f3s uma discuss\u00e3o e confus\u00e3o ocorrida entre seu marido e outros homens.<\/p>\n<p>Ap\u00f3s os procedimentos cab\u00edveis, o envolvido foi conduzido ao Sistema Penitenci\u00e1rio, ficando \u00e0 disposi\u00e7\u00e3o da Justi\u00e7a.<\/p>\n<p>Foto: Reprodu\u00e7\u00e3o\/Redes sociais.<\/p>\n<p>Siga o Instagram do Blog para comentar @blogdoedvaldomagalhaes<\/p>\n<p>Se inscreva no canal do Blog no YouTube<\/p>\n","protected":false},"excerpt":{"rendered":"<p>A POL\u00cdCIA CIVIL DE PERNAMBUCO, na manh\u00e3 desta quinta-feira (26\/10), por meio da equipe da investiga\u00e7\u00e3o da 19\u00aa Delegacia de&hellip;<\/p>\n","protected":false},"author":1,"featured_media":102231,"comment_status":"closed","ping_status":"open","sticky":false,"template":"","format":"standard","meta":{"footnotes":""},"categories":[14121],"tags":[28803,2,28801,3406,28947],"class_list":["post-102230","post","type-post","status-publish","format-standard","has-post-thumbnail","hentry","category-policial","tag-blog-com-mais-visualizacoes","tag-blog-do-edvaldo-magalhaes","tag-blog-mais-acessado","tag-caruaru","tag-equipe-da-delegacia-de-homicidios-de-caruaru-prende-acusado-de-matar-mulher-em-espetinho"],"_links":{"self":[{"href":"https:\/\/blogdoedvaldomagalhaes.com.br\/index.php\/wp-json\/wp\/v2\/posts\/102230","targetHints":{"allow":["GET"]}}],"collection":[{"href":"https:\/\/blogdoedvaldomagalhaes.com.br\/index.php\/wp-json\/wp\/v2\/posts"}],"about":[{"href":"https:\/\/blogdoedvaldomagalhaes.com.br\/index.php\/wp-json\/wp\/v2\/types\/post"}],"author":[{"embeddable":true,"href":"https:\/\/blogdoedvaldomagalhaes.com.br\/index.php\/wp-json\/wp\/v2\/users\/1"}],"replies":[{"embeddable":true,"href":"https:\/\/blogdoedvaldomagalhaes.com.br\/index.php\/wp-json\/wp\/v2\/comments?post=102230"}],"version-history":[{"count":2,"href":"https:\/\/blogdoedvaldomagalhaes.com.br\/index.php\/wp-json\/wp\/v2\/posts\/102230\/revisions"}],"predecessor-version":[{"id":102239,"href":"https:\/\/blogdoedvaldomagalhaes.com.br\/index.php\/wp-json\/wp\/v2\/posts\/102230\/revisions\/102239"}],"wp:featuredmedia":[{"embeddable":true,"href":"https:\/\/blogdoedvaldomagalhaes.com.br\/index.php\/wp-json\/wp\/v2\/media\/102231"}],"wp:attachment":[{"href":"https:\/\/blogdoedvaldomagalhaes.com.br\/index.php\/wp-json\/wp\/v2\/media?parent=102230"}],"wp:term":[{"taxonomy":"category","embeddable":true,"href":"https:\/\/blogdoedvaldomagalhaes.com.br\/index.php\/wp-json\/wp\/v2\/categories?post=102230"},{"taxonomy":"post_tag","embeddable":true,"href":"https:\/\/blogdoedvaldomagalhaes.com.br\/index.php\/wp-json\/wp\/v2\/tags?post=102230"}],"curies":[{"name":"wp","href":"https:\/\/api.w.org\/{rel}","templated":true}]}}