{"id":102225,"date":"2023-10-26T09:55:59","date_gmt":"2023-10-26T12:55:59","guid":{"rendered":"https:\/\/blogdoedvaldomagalhaes.com.br\/?p=102225"},"modified":"2023-10-26T09:55:59","modified_gmt":"2023-10-26T12:55:59","slug":"suspeitos-de-extorsao-sao-alvo-de-operacao-da-policia-civil","status":"publish","type":"post","link":"https:\/\/blogdoedvaldomagalhaes.com.br\/index.php\/2023\/10\/26\/suspeitos-de-extorsao-sao-alvo-de-operacao-da-policia-civil\/","title":{"rendered":"Suspeitos de extors\u00e3o s\u00e3o alvo de opera\u00e7\u00e3o da Pol\u00edcia Civil"},"content":{"rendered":"<p>A POL\u00cdCIA CIVIL DE PERNAMBUCO desencadeou, na manh\u00e3 desta quinta-feira, 26\/10\/2023, a 75a Opera\u00e7\u00e3o de Repress\u00e3o Qualificada do ano, denominada &#8220;INTRAMUROS&#8221;, vinculada \u00e0 Diretoria Integrada do Interior I \u2013 DINTER I, sob a presid\u00eancia do Delegado Elson Lima de Gouveia, Titular da Delegacia de Pol\u00edcia da 62a Circunscri\u00e7\u00e3o \u2013 Gravat\u00e1, unidade integrante da 12a Delegacia Seccional \u2013 12a DESEC.<br \/>\nA investiga\u00e7\u00e3o foi iniciada em junho de 2023, com o objetivo de identificar e desarticular Associa\u00e7\u00e3o Criminosa voltada \u00e0 pr\u00e1tica dos crimes de Extors\u00e3o.<br \/>\nNo dia de hoje, est\u00e3o sendo cumpridos 02 (dois) Mandados de Pris\u00e3o e 04 (quatro) Mandados de Busca e Apreens\u00e3o, todos expedidos pela Vara Criminal da Comarca de Gravat\u00e1.<br \/>\nNa execu\u00e7\u00e3o, est\u00e3o sendo empregados 40 (quarenta) Policiais Civis, entre Delegados, Agentes e Escriv\u00e3es.<br \/>\nAs investiga\u00e7\u00f5es foram assessoradas pela Diretoria de Intelig\u00eancia da Pol\u00edcia Civil de Pernambuco \u2013 DINTEL, contando ainda com o apoio operacional da Ger\u00eancia de Intelig\u00eancia e Seguran\u00e7a Org\u00e2nica da Secretaria Executiva de Ressocializa\u00e7\u00e3o \u2013 GISO\/SERES.<br \/>\nOs detalhes da referida opera\u00e7\u00e3o ser\u00e3o divulgados pela Assessoria de Comunica\u00e7\u00e3o da Pol\u00edcia Civil, em momento oportuno. Foto: Divulga\u00e7\u00e3o\/Pol\u00edcia Civil.<\/p>\n<p>Siga o Instagram do Blog @blogdoedvaldomagalhaes<\/p>\n<p>Se inscreva no canal do Blog no YouTube<\/p>\n","protected":false},"excerpt":{"rendered":"<p>A POL\u00cdCIA CIVIL DE PERNAMBUCO desencadeou, na manh\u00e3 desta quinta-feira, 26\/10\/2023, a 75a Opera\u00e7\u00e3o de Repress\u00e3o Qualificada do ano, denominada&hellip;<\/p>\n","protected":false},"author":1,"featured_media":102226,"comment_status":"closed","ping_status":"open","sticky":false,"template":"","format":"standard","meta":{"footnotes":""},"categories":[14121],"tags":[28803,2,28801,3406,28946],"class_list":["post-102225","post","type-post","status-publish","format-standard","has-post-thumbnail","hentry","category-policial","tag-blog-com-mais-visualizacoes","tag-blog-do-edvaldo-magalhaes","tag-blog-mais-acessado","tag-caruaru","tag-suspeitos-de-extorsao-sao-alvo-de-operacao-da-policia-civil"],"_links":{"self":[{"href":"https:\/\/blogdoedvaldomagalhaes.com.br\/index.php\/wp-json\/wp\/v2\/posts\/102225","targetHints":{"allow":["GET"]}}],"collection":[{"href":"https:\/\/blogdoedvaldomagalhaes.com.br\/index.php\/wp-json\/wp\/v2\/posts"}],"about":[{"href":"https:\/\/blogdoedvaldomagalhaes.com.br\/index.php\/wp-json\/wp\/v2\/types\/post"}],"author":[{"embeddable":true,"href":"https:\/\/blogdoedvaldomagalhaes.com.br\/index.php\/wp-json\/wp\/v2\/users\/1"}],"replies":[{"embeddable":true,"href":"https:\/\/blogdoedvaldomagalhaes.com.br\/index.php\/wp-json\/wp\/v2\/comments?post=102225"}],"version-history":[{"count":1,"href":"https:\/\/blogdoedvaldomagalhaes.com.br\/index.php\/wp-json\/wp\/v2\/posts\/102225\/revisions"}],"predecessor-version":[{"id":102227,"href":"https:\/\/blogdoedvaldomagalhaes.com.br\/index.php\/wp-json\/wp\/v2\/posts\/102225\/revisions\/102227"}],"wp:featuredmedia":[{"embeddable":true,"href":"https:\/\/blogdoedvaldomagalhaes.com.br\/index.php\/wp-json\/wp\/v2\/media\/102226"}],"wp:attachment":[{"href":"https:\/\/blogdoedvaldomagalhaes.com.br\/index.php\/wp-json\/wp\/v2\/media?parent=102225"}],"wp:term":[{"taxonomy":"category","embeddable":true,"href":"https:\/\/blogdoedvaldomagalhaes.com.br\/index.php\/wp-json\/wp\/v2\/categories?post=102225"},{"taxonomy":"post_tag","embeddable":true,"href":"https:\/\/blogdoedvaldomagalhaes.com.br\/index.php\/wp-json\/wp\/v2\/tags?post=102225"}],"curies":[{"name":"wp","href":"https:\/\/api.w.org\/{rel}","templated":true}]}}