{"id":102222,"date":"2023-10-26T09:40:26","date_gmt":"2023-10-26T12:40:26","guid":{"rendered":"https:\/\/blogdoedvaldomagalhaes.com.br\/?p=102222"},"modified":"2023-10-26T09:40:27","modified_gmt":"2023-10-26T12:40:27","slug":"policia-civil-apreende-armas-de-fogo-durante-operacao-catarse-2-em-cumaru","status":"publish","type":"post","link":"https:\/\/blogdoedvaldomagalhaes.com.br\/index.php\/2023\/10\/26\/policia-civil-apreende-armas-de-fogo-durante-operacao-catarse-2-em-cumaru\/","title":{"rendered":"Pol\u00edcia Civil apreende armas de fogo durante opera\u00e7\u00e3o \u201cCatarse 2\u201d em Cumaru"},"content":{"rendered":"<p><span style=\"font-size: revert;\">A Pol\u00edcia Civil de Pernambuco desencadeou, na manh\u00e3 desta quinta-feira, 26\/10\/2023, a OIT- Opera\u00e7\u00e3o de Interven\u00e7\u00e3o T\u00e1tica, denominada &#8220;CATARSE 2&#8221;, vinculada \u00e0 Diretoria Integrada do Interior I \u2013 DINTER I, sob a presid\u00eancia do Humberto Pimentel, Titular da Delegacia de Pol\u00edcia de Cumaru, unidade integrante da 16\u00aa Delegacia Seccional \u2013 16\u00aa DESEC.<\/span><\/p>\n<p>Com o objetivo de identificar e desarticular suspeitos que estariam de posse e porte de arma de fogo, foram cumpridos hoje quatro mandados de busca e apreens\u00e3o domiciliar. Na execu\u00e7\u00e3o, foram empregados dezesseis Policiais Civis, entre Delegados, Agentes e Escriv\u00e3es, al\u00e9m do efetivo disponibilizado pelo 6\u00ba BPM.<\/p>\n<p>Pol\u00edcia Civil de Pernambuco: prevenir, apurar, reprimir. Foto: Divulga\u00e7\u00e3o\/Pol\u00edcia Civil.<\/p>\n<p>Siga o Instagram do Blog @blogdoedvaldomagalhaes<\/p>\n<p>Se inscreva no canal do Blog no YouTube<\/p>\n","protected":false},"excerpt":{"rendered":"<p>A Pol\u00edcia Civil de Pernambuco desencadeou, na manh\u00e3 desta quinta-feira, 26\/10\/2023, a OIT- Opera\u00e7\u00e3o de Interven\u00e7\u00e3o T\u00e1tica, denominada &#8220;CATARSE 2&#8221;,&hellip;<\/p>\n","protected":false},"author":1,"featured_media":102223,"comment_status":"closed","ping_status":"open","sticky":false,"template":"","format":"standard","meta":{"footnotes":""},"categories":[14121],"tags":[2,28801,3406,28945],"class_list":["post-102222","post","type-post","status-publish","format-standard","has-post-thumbnail","hentry","category-policial","tag-blog-do-edvaldo-magalhaes","tag-blog-mais-acessado","tag-caruaru","tag-policia-civil-apreende-armas-de-fogo-durante-operacao-catarse-2-em-cumaru"],"_links":{"self":[{"href":"https:\/\/blogdoedvaldomagalhaes.com.br\/index.php\/wp-json\/wp\/v2\/posts\/102222","targetHints":{"allow":["GET"]}}],"collection":[{"href":"https:\/\/blogdoedvaldomagalhaes.com.br\/index.php\/wp-json\/wp\/v2\/posts"}],"about":[{"href":"https:\/\/blogdoedvaldomagalhaes.com.br\/index.php\/wp-json\/wp\/v2\/types\/post"}],"author":[{"embeddable":true,"href":"https:\/\/blogdoedvaldomagalhaes.com.br\/index.php\/wp-json\/wp\/v2\/users\/1"}],"replies":[{"embeddable":true,"href":"https:\/\/blogdoedvaldomagalhaes.com.br\/index.php\/wp-json\/wp\/v2\/comments?post=102222"}],"version-history":[{"count":1,"href":"https:\/\/blogdoedvaldomagalhaes.com.br\/index.php\/wp-json\/wp\/v2\/posts\/102222\/revisions"}],"predecessor-version":[{"id":102224,"href":"https:\/\/blogdoedvaldomagalhaes.com.br\/index.php\/wp-json\/wp\/v2\/posts\/102222\/revisions\/102224"}],"wp:featuredmedia":[{"embeddable":true,"href":"https:\/\/blogdoedvaldomagalhaes.com.br\/index.php\/wp-json\/wp\/v2\/media\/102223"}],"wp:attachment":[{"href":"https:\/\/blogdoedvaldomagalhaes.com.br\/index.php\/wp-json\/wp\/v2\/media?parent=102222"}],"wp:term":[{"taxonomy":"category","embeddable":true,"href":"https:\/\/blogdoedvaldomagalhaes.com.br\/index.php\/wp-json\/wp\/v2\/categories?post=102222"},{"taxonomy":"post_tag","embeddable":true,"href":"https:\/\/blogdoedvaldomagalhaes.com.br\/index.php\/wp-json\/wp\/v2\/tags?post=102222"}],"curies":[{"name":"wp","href":"https:\/\/api.w.org\/{rel}","templated":true}]}}