{"id":102218,"date":"2023-10-26T08:42:17","date_gmt":"2023-10-26T11:42:17","guid":{"rendered":"https:\/\/blogdoedvaldomagalhaes.com.br\/?p=102218"},"modified":"2023-10-26T08:52:23","modified_gmt":"2023-10-26T11:52:23","slug":"accape-convoca-associados-para-eleicao-da-nova-diretoria-2","status":"publish","type":"post","link":"https:\/\/blogdoedvaldomagalhaes.com.br\/index.php\/2023\/10\/26\/accape-convoca-associados-para-eleicao-da-nova-diretoria-2\/","title":{"rendered":"Accape convoca associados para elei\u00e7\u00e3o da nova diretoria"},"content":{"rendered":"<p>A Associa\u00e7\u00e3o dos Contabilistas de Caruaru e Agreste de Pernambuco (Accape) convoca os associados aptos a votar a comparecerem \u00e0 reuni\u00e3o da Assembleia Geral na pr\u00f3xima ter\u00e7a-feira  (31), das 8h30 \u00e0s 9h30, na sede da associa\u00e7\u00e3o, com o objetivo de eleger a nova Diretoria Executiva, Conselho Fiscal, suplentes do Conselho Fiscal e Departamento de Eventos, cujos membros ficar\u00e3o \u00e0 frente da entidade no pr\u00f3ximo bi\u00eanio 2024-2025.<\/p>\n<p>Uma \u00fanica chapa fez o registro de candidatura e tem \u00e0 frente a contadora Maria Sheila Leite e Silva, atual vice-presidente da Accape. O resultado da elei\u00e7\u00e3o ser\u00e1 validado desde que a assembleia re\u00fana dois ter\u00e7os dos associados em 1\u00aa convoca\u00e7\u00e3o, um ter\u00e7o dos associados uma hora depois em segunda convoca\u00e7\u00e3o; e com qualquer n\u00famero de associados desde que decorridos 30 minutos da segunda convoca\u00e7\u00e3o.<\/p>\n<p>\u00c9 importante destacar que a vota\u00e7\u00e3o ter\u00e1 dura\u00e7\u00e3o de apenas uma hora e ocorrer\u00e1 na sede da Accape, localizada na Avenida Agamenon Magalh\u00e3es, 444 &#8211; Empresarial Difusora, 12\u00ba andar (Shopping Difusora), Bairro Maur\u00edcio de Nassau.<\/p>\n<p>Diretoria Executiva<br \/>\nPresidente: Maria Sheila Leite e Silva<br \/>\nVice-presidente: Rodrigo Ferreira Vieira Medeiros de Aquino<br \/>\n1\u00aa Secret\u00e1ria: Nalma Lucia Rodrigues da Rocha<br \/>\n2\u00aa Secret\u00e1ria: \u00c9rika Sp\u00edndola de Farias Fernandes<br \/>\n1\u00ba Tesoureiro: Eriko Caruso de Melo Veras<br \/>\n2\u00ba Tesoureiro: Fabio Americo dos Santos<\/p>\n<p>Conselho Fiscal<br \/>\nMichele Arruda Silva Tabosa<br \/>\n\u00cdtalo Deidson Vilela Costa<br \/>\nJeronimo Ivo e Silva<\/p>\n<p>Suplentes de Conselho Fiscal<br \/>\nLucas Fernandes<br \/>\nManuela de Lima Silva Leite<br \/>\nDeyvison Alemberg Tabosa de Queiroz<\/p>\n<p>Departamento de Eventos<br \/>\nThyago Luiz de Carvalho Tavares<br \/>\nCynthia Celeste de O. Alves Moreira.<\/p>\n<p>Siga o Instagram do Blog para comentar @blogdoedvaldomagalhaes<br \/>\nSe inscreva no canal do Blog no You Tube<\/p>\n","protected":false},"excerpt":{"rendered":"<p>A Associa\u00e7\u00e3o dos Contabilistas de Caruaru e Agreste de Pernambuco (Accape) convoca os associados aptos a votar a comparecerem \u00e0&hellip;<\/p>\n","protected":false},"author":1,"featured_media":102219,"comment_status":"closed","ping_status":"open","sticky":false,"template":"","format":"standard","meta":{"footnotes":""},"categories":[14120],"tags":[16474,28803,2,28801,3406],"class_list":["post-102218","post","type-post","status-publish","format-standard","has-post-thumbnail","hentry","category-noticias","tag-accape-convoca-associados-para-eleicao-da-nova-diretoria","tag-blog-com-mais-visualizacoes","tag-blog-do-edvaldo-magalhaes","tag-blog-mais-acessado","tag-caruaru"],"_links":{"self":[{"href":"https:\/\/blogdoedvaldomagalhaes.com.br\/index.php\/wp-json\/wp\/v2\/posts\/102218","targetHints":{"allow":["GET"]}}],"collection":[{"href":"https:\/\/blogdoedvaldomagalhaes.com.br\/index.php\/wp-json\/wp\/v2\/posts"}],"about":[{"href":"https:\/\/blogdoedvaldomagalhaes.com.br\/index.php\/wp-json\/wp\/v2\/types\/post"}],"author":[{"embeddable":true,"href":"https:\/\/blogdoedvaldomagalhaes.com.br\/index.php\/wp-json\/wp\/v2\/users\/1"}],"replies":[{"embeddable":true,"href":"https:\/\/blogdoedvaldomagalhaes.com.br\/index.php\/wp-json\/wp\/v2\/comments?post=102218"}],"version-history":[{"count":1,"href":"https:\/\/blogdoedvaldomagalhaes.com.br\/index.php\/wp-json\/wp\/v2\/posts\/102218\/revisions"}],"predecessor-version":[{"id":102220,"href":"https:\/\/blogdoedvaldomagalhaes.com.br\/index.php\/wp-json\/wp\/v2\/posts\/102218\/revisions\/102220"}],"wp:featuredmedia":[{"embeddable":true,"href":"https:\/\/blogdoedvaldomagalhaes.com.br\/index.php\/wp-json\/wp\/v2\/media\/102219"}],"wp:attachment":[{"href":"https:\/\/blogdoedvaldomagalhaes.com.br\/index.php\/wp-json\/wp\/v2\/media?parent=102218"}],"wp:term":[{"taxonomy":"category","embeddable":true,"href":"https:\/\/blogdoedvaldomagalhaes.com.br\/index.php\/wp-json\/wp\/v2\/categories?post=102218"},{"taxonomy":"post_tag","embeddable":true,"href":"https:\/\/blogdoedvaldomagalhaes.com.br\/index.php\/wp-json\/wp\/v2\/tags?post=102218"}],"curies":[{"name":"wp","href":"https:\/\/api.w.org\/{rel}","templated":true}]}}