{"id":102210,"date":"2023-10-25T19:18:27","date_gmt":"2023-10-25T22:18:27","guid":{"rendered":"https:\/\/blogdoedvaldomagalhaes.com.br\/?p=102210"},"modified":"2023-10-25T19:36:13","modified_gmt":"2023-10-25T22:36:13","slug":"presos-financiavam-trafico-de-dentro-de-presidio-para-20-estados","status":"publish","type":"post","link":"https:\/\/blogdoedvaldomagalhaes.com.br\/index.php\/2023\/10\/25\/presos-financiavam-trafico-de-dentro-de-presidio-para-20-estados\/","title":{"rendered":"Presos financiavam tr\u00e1fico de dentro de pres\u00eddio para 20 Estados"},"content":{"rendered":"<p>Opera\u00e7\u00e3o \u201cEfeito Helic\u00f3ptero\u201d, de combate ao tr\u00e1fico de drogas, nesta quarta-feira (25\/10), desencadeada pela Pol\u00edcia Civil de Pernambuco em parceria com a Diretoria de Opera\u00e7\u00f5es Integradas e de Intelig\u00eancia da Secretaria Nacional de Seguran\u00e7a P\u00fablica (DIOPI\/SENASP), por meio do Projeto Impulse, inserido no Programa Nacional de Enfrentamento \u00e0s Organiza\u00e7\u00f5es Criminosas do Minist\u00e9rio da Justi\u00e7a e Seguran\u00e7a P\u00fablica (ENFOC\/MJSP).<\/p>\n<p>A a\u00e7\u00e3o, realizada em outros 12 estados da Federa\u00e7\u00e3o, investiga uma organiza\u00e7\u00e3o criminosa atuante no tr\u00e1fico de drogas, financiamento do tr\u00e1fico e lavagem de dinheiro. A investiga\u00e7\u00e3o foi iniciada em outubro de 2022. Ao todo, a a\u00e7\u00e3o mirou em cerca de 100 alvos com mandado de pris\u00e3o e de busca em todo o Brasil. S\u00e3o 140 alvos investigados, 66 mandados de pris\u00e3o tempor\u00e1ria de 30 dias e 84 buscas e apreens\u00f5es domiciliares em todo pa\u00eds.<br \/>\nEm Pernambuco, h\u00e1 alvos em oito cidades. Os mandados foram nos munic\u00edpios de Abreu e Lima, Caruaru, Igarassu, Itaquitinga, Jaboat\u00e3o dos Guararapes, Limoeiro, Petrolina e Recife.<\/p>\n<p>Outros estados que tamb\u00e9m foram cumpridos mandados s\u00e3o:<\/p>\n<p>Amazonas;<br \/>\nCear\u00e1;<br \/>\nMato Grosso;<br \/>\nMato Grosso do Sul;<br \/>\nPar\u00e1;<br \/>\nParan\u00e1;<br \/>\nPara\u00edba;<br \/>\nPiau\u00ed;<br \/>\nRio de Janeiro;<br \/>\nRio Grande do Sul;<br \/>\nRoraima;<br \/>\nSanta Catarina;<br \/>\nS\u00e3o Paulo.<\/p>\n","protected":false},"excerpt":{"rendered":"<p>Opera\u00e7\u00e3o \u201cEfeito Helic\u00f3ptero\u201d, de combate ao tr\u00e1fico de drogas, nesta quarta-feira (25\/10), desencadeada pela Pol\u00edcia Civil de Pernambuco em parceria&hellip;<\/p>\n","protected":false},"author":1,"featured_media":102212,"comment_status":"closed","ping_status":"open","sticky":false,"template":"","format":"standard","meta":{"footnotes":""},"categories":[14121],"tags":[28803,2,28801,3406,28944],"class_list":["post-102210","post","type-post","status-publish","format-standard","has-post-thumbnail","hentry","category-policial","tag-blog-com-mais-visualizacoes","tag-blog-do-edvaldo-magalhaes","tag-blog-mais-acessado","tag-caruaru","tag-presos-financiavam-trafico-de-dentro-de-presidio-para-20-estados"],"_links":{"self":[{"href":"https:\/\/blogdoedvaldomagalhaes.com.br\/index.php\/wp-json\/wp\/v2\/posts\/102210","targetHints":{"allow":["GET"]}}],"collection":[{"href":"https:\/\/blogdoedvaldomagalhaes.com.br\/index.php\/wp-json\/wp\/v2\/posts"}],"about":[{"href":"https:\/\/blogdoedvaldomagalhaes.com.br\/index.php\/wp-json\/wp\/v2\/types\/post"}],"author":[{"embeddable":true,"href":"https:\/\/blogdoedvaldomagalhaes.com.br\/index.php\/wp-json\/wp\/v2\/users\/1"}],"replies":[{"embeddable":true,"href":"https:\/\/blogdoedvaldomagalhaes.com.br\/index.php\/wp-json\/wp\/v2\/comments?post=102210"}],"version-history":[{"count":4,"href":"https:\/\/blogdoedvaldomagalhaes.com.br\/index.php\/wp-json\/wp\/v2\/posts\/102210\/revisions"}],"predecessor-version":[{"id":102217,"href":"https:\/\/blogdoedvaldomagalhaes.com.br\/index.php\/wp-json\/wp\/v2\/posts\/102210\/revisions\/102217"}],"wp:featuredmedia":[{"embeddable":true,"href":"https:\/\/blogdoedvaldomagalhaes.com.br\/index.php\/wp-json\/wp\/v2\/media\/102212"}],"wp:attachment":[{"href":"https:\/\/blogdoedvaldomagalhaes.com.br\/index.php\/wp-json\/wp\/v2\/media?parent=102210"}],"wp:term":[{"taxonomy":"category","embeddable":true,"href":"https:\/\/blogdoedvaldomagalhaes.com.br\/index.php\/wp-json\/wp\/v2\/categories?post=102210"},{"taxonomy":"post_tag","embeddable":true,"href":"https:\/\/blogdoedvaldomagalhaes.com.br\/index.php\/wp-json\/wp\/v2\/tags?post=102210"}],"curies":[{"name":"wp","href":"https:\/\/api.w.org\/{rel}","templated":true}]}}