{"id":102208,"date":"2023-10-25T19:07:50","date_gmt":"2023-10-25T22:07:50","guid":{"rendered":"https:\/\/blogdoedvaldomagalhaes.com.br\/?p=102208"},"modified":"2023-10-25T19:07:51","modified_gmt":"2023-10-25T22:07:51","slug":"compesa-suspende-abastecimento-de-agua-em-19-bairros-de-caruaru","status":"publish","type":"post","link":"https:\/\/blogdoedvaldomagalhaes.com.br\/index.php\/2023\/10\/25\/compesa-suspende-abastecimento-de-agua-em-19-bairros-de-caruaru\/","title":{"rendered":"Compesa suspende abastecimento de \u00e1gua em 19 bairros de Caruaru"},"content":{"rendered":"<p>Em virtude de uma pane el\u00e9trica ocorrida em uma esta\u00e7\u00e3o elevat\u00f3ria (sistema de bombeamento) pertencente ao  Sistema Jucazinho, que  provocou  a queima de alguns equipamentos, a Compesa precisou suspender o abastecimento de \u00e1gua de 19 bairros de Caruaru para a realiza\u00e7\u00e3o de servi\u00e7os de manuten\u00e7\u00e3o emergencial. J\u00e1 no in\u00edcio da tarde de hoje (25), foi identificado um vazamento entre as Elevat\u00f3rias 1 e 2 do Sistema Prata, que reduziu em 30% a vaz\u00e3o, o que afeta o fornecimento de \u00e1gua de outras localidades da cidade.<\/p>\n<p>As \u00e1reas atendidas pelo Sistema Jucazinho, que est\u00e3o com o abastecimento suspenso s\u00e3o: S\u00e3o Jos\u00e9 1 e 2, Rendeiras (parte alta), Cidade Jardim, Gon\u00e7alves Ferreira, Salgado e S\u00e3o Jo\u00e3o da Esc\u00f3cia (parte baixa), Luiz Gonzaga, Neuza Garcia e os Loteamentos Para\u00edso, Cidade Agreste, Serran\u00f3polis, Mirante do Vale, Luiz Mariano, Luar de Caruaru. Al\u00e9m do Rafael (lado posto de sa\u00fade), Lajes, Contendas (lado parque Milanny) e Palmat\u00f3ria, no 2\u00b0 distrito, em Caruaru.<\/p>\n<p>As bairros atendidos pelo Sistema Prata que est\u00e3o com redu\u00e7\u00e3o de vaz\u00e3o s\u00e3o: Xique Xique, Maur\u00edcio de Nassau, Universit\u00e1rio, Divin\u00f3polis, S\u00e3o Francisco, Pinheir\u00f3polis, Petr\u00f3polis, Santa Rosa, Vassoural, Indian\u00f3polis e Jos\u00e9 Liberato (parte alta), Vila Serena, Morada Verde, Centro, Monte Bom Jesus, Parque da Cidade 1 e 2, Nova Caruaru, Residencial Alto do Moura, Vila Cip\u00f3, Adalgisa Nunes 1 e 2, Encanto da Serra e Alto da Banana.<\/p>\n<p>As interven\u00e7\u00f5es corretivas nos dois sistemas est\u00e3o em andamento e a previs\u00e3o \u00e9 que sejam conclu\u00eddas at\u00e9 \u00e0s 18h desta quinta-feira (26).<\/p>\n<p>A  Compesa  informa, ainda, que a  normaliza\u00e7\u00e3o da distribui\u00e7\u00e3o, ou seja, para que a \u00e1gua chegue em todos os pontos da cidade com as press\u00f5es adequadas, leva um tempo para acontecer. Quando do retorno da opera\u00e7\u00e3o de um sistema, \u00e9 necess\u00e1rio um per\u00edodo para o enchimento das adutoras, tratamento da \u00e1gua, armazenamento  em reservat\u00f3rios at\u00e9 seguir pela rede de distribui\u00e7\u00e3o para as resid\u00eancias. Foto: Reprodu\u00e7\u00e3o.<\/p>\n<p>Siga o Instagram do Blog para comentar @blogdoedvaldomagalhaes<br \/>\nSe inscreva no canal do Blog no You Tube<\/p>\n","protected":false},"excerpt":{"rendered":"<p>Em virtude de uma pane el\u00e9trica ocorrida em uma esta\u00e7\u00e3o elevat\u00f3ria (sistema de bombeamento) pertencente ao Sistema Jucazinho, que provocou&hellip;<\/p>\n","protected":false},"author":1,"featured_media":24798,"comment_status":"closed","ping_status":"open","sticky":false,"template":"","format":"standard","meta":{"footnotes":""},"categories":[14120],"tags":[28803,2,28801,3406,28943],"class_list":["post-102208","post","type-post","status-publish","format-standard","has-post-thumbnail","hentry","category-noticias","tag-blog-com-mais-visualizacoes","tag-blog-do-edvaldo-magalhaes","tag-blog-mais-acessado","tag-caruaru","tag-compesa-suspende-abastecimento-de-agua-em-19-bairros-de-caruaru"],"_links":{"self":[{"href":"https:\/\/blogdoedvaldomagalhaes.com.br\/index.php\/wp-json\/wp\/v2\/posts\/102208","targetHints":{"allow":["GET"]}}],"collection":[{"href":"https:\/\/blogdoedvaldomagalhaes.com.br\/index.php\/wp-json\/wp\/v2\/posts"}],"about":[{"href":"https:\/\/blogdoedvaldomagalhaes.com.br\/index.php\/wp-json\/wp\/v2\/types\/post"}],"author":[{"embeddable":true,"href":"https:\/\/blogdoedvaldomagalhaes.com.br\/index.php\/wp-json\/wp\/v2\/users\/1"}],"replies":[{"embeddable":true,"href":"https:\/\/blogdoedvaldomagalhaes.com.br\/index.php\/wp-json\/wp\/v2\/comments?post=102208"}],"version-history":[{"count":1,"href":"https:\/\/blogdoedvaldomagalhaes.com.br\/index.php\/wp-json\/wp\/v2\/posts\/102208\/revisions"}],"predecessor-version":[{"id":102209,"href":"https:\/\/blogdoedvaldomagalhaes.com.br\/index.php\/wp-json\/wp\/v2\/posts\/102208\/revisions\/102209"}],"wp:featuredmedia":[{"embeddable":true,"href":"https:\/\/blogdoedvaldomagalhaes.com.br\/index.php\/wp-json\/wp\/v2\/media\/24798"}],"wp:attachment":[{"href":"https:\/\/blogdoedvaldomagalhaes.com.br\/index.php\/wp-json\/wp\/v2\/media?parent=102208"}],"wp:term":[{"taxonomy":"category","embeddable":true,"href":"https:\/\/blogdoedvaldomagalhaes.com.br\/index.php\/wp-json\/wp\/v2\/categories?post=102208"},{"taxonomy":"post_tag","embeddable":true,"href":"https:\/\/blogdoedvaldomagalhaes.com.br\/index.php\/wp-json\/wp\/v2\/tags?post=102208"}],"curies":[{"name":"wp","href":"https:\/\/api.w.org\/{rel}","templated":true}]}}