{"id":102204,"date":"2023-10-25T18:44:25","date_gmt":"2023-10-25T21:44:25","guid":{"rendered":"https:\/\/blogdoedvaldomagalhaes.com.br\/?p=102204"},"modified":"2023-10-25T18:44:26","modified_gmt":"2023-10-25T21:44:26","slug":"raquel-lyra-reune-bancada-federal-e-ministros-para-discutir-demandas-e-investimentos-para-pernambuco","status":"publish","type":"post","link":"https:\/\/blogdoedvaldomagalhaes.com.br\/index.php\/2023\/10\/25\/raquel-lyra-reune-bancada-federal-e-ministros-para-discutir-demandas-e-investimentos-para-pernambuco\/","title":{"rendered":"Raquel Lyra re\u00fane bancada federal e ministros para discutir demandas e investimentos para Pernambuco"},"content":{"rendered":"<p>Temas relevantes para o desenvolvimento de Pernambuco foram debatidos pela governadora Raquel Lyra, nesta quarta-feira (25), em Bras\u00edlia, em reuni\u00e3o com senadores, deputados federais e ministros. A chefe do Executivo estadual apresentou aos pol\u00edticos pernambucanos projetos de obras nas \u00e1reas de infraestrutura, mobilidade e transporte e, de forma conjunta, articulou repasses de emendas parlamentares para garantir a continuidade de a\u00e7\u00f5es priorit\u00e1rias para o Estado. O encontro contou com a presen\u00e7a dos tr\u00eas senadores, 21 deputados federais e tr\u00eas ministros pernambucanos.<\/p>\n<p>\u201cEste \u00e9 o segundo encontro que fazemos para discutir as perspectivas para o pr\u00f3ximo ano. Apresentamos os projetos priorit\u00e1rios que foram discutidos com toda a popula\u00e7\u00e3o e lideran\u00e7as pol\u00edticas. Ainda solicitamos apoio por meio das emendas de bancadas e individuais, para que possamos ter recursos necess\u00e1rios para fazer as obras acontecerem na vida de todos os pernambucanos\u201d, explicou a governadora. \u201cDiscutimos, ainda, a reforma tribut\u00e1ria e temas que s\u00e3o sens\u00edveis a Pernambuco, como por exemplo a renova\u00e7\u00e3o de benef\u00edcios e incentivos fiscais da ind\u00fastria automobil\u00edstica; e a capacidade que os estados v\u00e3o ter de opinar sobre os rumos dos tributos do Brasil nos pr\u00f3ximos anos. Estamos todos caminhando na mesma dire\u00e7\u00e3o para conseguir mudar a vida do pernambucano para melhor\u201d, completou Raquel Lyra.<\/p>\n<p>O l\u00edder da bancada de Pernambuco na C\u00e2mara, Augusto Coutinho, ressaltou que, para al\u00e9m de bandeiras partid\u00e1rias, os deputados federais est\u00e3o unidos em prol do Estado. \u201c\u00c9 muito importante esse gesto da governadora, que por duas ocasi\u00f5es promoveu esse evento em Bras\u00edlia para expor para a bancada federal os encaminhamentos e a\u00e7\u00f5es que temos em comum. Aqui h\u00e1 deputados aliados e que fazem oposi\u00e7\u00e3o \u00e0 governadora unidos em torno dos interesses de Pernambuco, para levar recursos para o Estado\u201d, disse. \u201cEstima-se, j\u00e1 para 2024, que Pernambuco receba R$ 1,4 bilh\u00e3o em emendas de deputados e senadores que ser\u00e3o utilizados para defender os interesses do nosso estado\u201d, acrescentou o parlamentar, ao parabenizar a governadora pela iniciativa.<\/p>\n<p>O senador Humberto Costa destacou que os recursos investidos no Estado s\u00e3o parte da integra\u00e7\u00e3o entre os poderes. \u201cAgrade\u00e7o o convite que a governadora fez para participar desse encontro e saliento a import\u00e2ncia da integra\u00e7\u00e3o entre o governo e a bancada. Essa soma de esfor\u00e7os possibilita que a gente possa, cada um dando sua contribui\u00e7\u00e3o pol\u00edtica, fazer com que os grandes projetos de interesse de Pernambuco continuem sendo priorizados pelo governo federal. O mesmo ocorre com os recursos a que n\u00f3s temos direito de aplicar e investir no interesse do povo de Pernambuco&#8221;, comentou.<\/p>\n<p>Entre os temas tratados pelo grupo est\u00e3o a constru\u00e7\u00e3o do trecho entre Salgueiro e o Porto de Suape da Transnordestina; a conclus\u00e3o da 1\u00b0 etapa da Adutora do Agreste, que ir\u00e1 beneficiar 2 milh\u00f5es de pessoas; o Arco Metropolitano, no trecho Sul entre a BR-101 e BR-232, com 24,48 quil\u00f4metros de extens\u00e3o; a conserva\u00e7\u00e3o da BR-232, no trecho entre Recife e Caruaru, que liga a capital ao interior; e obras de restaura\u00e7\u00e3o e requalifica\u00e7\u00e3o da rodovia PE-060, em um trecho de 86 quil\u00f4metros entre Ipojuca e a divisa com o estado de Alagoas.<\/p>\n<p>Compareceram \u00e0 reuni\u00e3o os ministros Jos\u00e9 M\u00facio Monteiro (Defesa), Andr\u00e9 de Paula (Pesca e Aquicultura) e Luciana Santos (Ci\u00eancia, Tecnologia e Inova\u00e7\u00e3o), bem como os senadores Fernando Dueire, Humberto Costa e Teresa Leit\u00e3o. Tamb\u00e9m estiveram presentes os deputados federais T\u00falio Gad\u00ealha, Coronel Meira, Andr\u00e9 Ferreira, Mendon\u00e7a Filho, Fernando Monteiro, Fernando Rodolfo, Fernando Filho, Pastor Eurico, Guilherme Uch\u00f4a J\u00fanior, Pedro Campos, Ossesio Silva, Clarissa T\u00e9rcio, Eriberto Medeiros, Clodoaldo Magalh\u00e3es, Renildo Calheiros, Maria Arraes, Iza Arruda, Carlos Veras, Lula da Fonte e Eduardo da Fonte; al\u00e9m do estadual Jarbas Filho.<\/p>\n<p>Os secret\u00e1rios estaduais Cacau de Paula (Cultura), Zilda Cavalcanti (Sa\u00fade), Rodolfo Costa Pinto (Comunica\u00e7\u00e3o), Fabr\u00edcio Marques (Planejamento, Gest\u00e3o e Desenvolvimento Regional), T\u00falio Vila\u00e7a (Casa Civil) e Fernando Holanda (Assessoria Especial) acompanharam a governadora na agenda. Foto: Divulga\u00e7\u00e3o.<\/p>\n<p>Siga o Instagram do Blog para comentar @blogdoedvaldomagalhaes<br \/>\nSe inscreva no canal do Blog no You Tube<\/p>\n","protected":false},"excerpt":{"rendered":"<p>Temas relevantes para o desenvolvimento de Pernambuco foram debatidos pela governadora Raquel Lyra, nesta quarta-feira (25), em Bras\u00edlia, em reuni\u00e3o&hellip;<\/p>\n","protected":false},"author":1,"featured_media":102206,"comment_status":"closed","ping_status":"open","sticky":false,"template":"","format":"standard","meta":{"footnotes":""},"categories":[14122],"tags":[2,28801,3406,20],"class_list":["post-102204","post","type-post","status-publish","format-standard","has-post-thumbnail","hentry","category-politica","tag-blog-do-edvaldo-magalhaes","tag-blog-mais-acessado","tag-caruaru","tag-politica"],"_links":{"self":[{"href":"https:\/\/blogdoedvaldomagalhaes.com.br\/index.php\/wp-json\/wp\/v2\/posts\/102204","targetHints":{"allow":["GET"]}}],"collection":[{"href":"https:\/\/blogdoedvaldomagalhaes.com.br\/index.php\/wp-json\/wp\/v2\/posts"}],"about":[{"href":"https:\/\/blogdoedvaldomagalhaes.com.br\/index.php\/wp-json\/wp\/v2\/types\/post"}],"author":[{"embeddable":true,"href":"https:\/\/blogdoedvaldomagalhaes.com.br\/index.php\/wp-json\/wp\/v2\/users\/1"}],"replies":[{"embeddable":true,"href":"https:\/\/blogdoedvaldomagalhaes.com.br\/index.php\/wp-json\/wp\/v2\/comments?post=102204"}],"version-history":[{"count":1,"href":"https:\/\/blogdoedvaldomagalhaes.com.br\/index.php\/wp-json\/wp\/v2\/posts\/102204\/revisions"}],"predecessor-version":[{"id":102207,"href":"https:\/\/blogdoedvaldomagalhaes.com.br\/index.php\/wp-json\/wp\/v2\/posts\/102204\/revisions\/102207"}],"wp:featuredmedia":[{"embeddable":true,"href":"https:\/\/blogdoedvaldomagalhaes.com.br\/index.php\/wp-json\/wp\/v2\/media\/102206"}],"wp:attachment":[{"href":"https:\/\/blogdoedvaldomagalhaes.com.br\/index.php\/wp-json\/wp\/v2\/media?parent=102204"}],"wp:term":[{"taxonomy":"category","embeddable":true,"href":"https:\/\/blogdoedvaldomagalhaes.com.br\/index.php\/wp-json\/wp\/v2\/categories?post=102204"},{"taxonomy":"post_tag","embeddable":true,"href":"https:\/\/blogdoedvaldomagalhaes.com.br\/index.php\/wp-json\/wp\/v2\/tags?post=102204"}],"curies":[{"name":"wp","href":"https:\/\/api.w.org\/{rel}","templated":true}]}}