{"id":102198,"date":"2023-10-25T13:46:03","date_gmt":"2023-10-25T16:46:03","guid":{"rendered":"https:\/\/blogdoedvaldomagalhaes.com.br\/?p=102198"},"modified":"2023-10-25T13:46:04","modified_gmt":"2023-10-25T16:46:04","slug":"refis-iptu-prefeitura-de-caruaru-oferece-ate-100-de-desconto-no-iptu-neste-final-de-ano","status":"publish","type":"post","link":"https:\/\/blogdoedvaldomagalhaes.com.br\/index.php\/2023\/10\/25\/refis-iptu-prefeitura-de-caruaru-oferece-ate-100-de-desconto-no-iptu-neste-final-de-ano\/","title":{"rendered":"Refis IPTU: Prefeitura de Caruaru oferece at\u00e9 100% de desconto no IPTU neste final de ano"},"content":{"rendered":"<p>A Secretaria da Fazenda (Sefaz), alterou a Lei n\u00ba 7.059, de 14 de setembro de 2023, que instituiu o Programa de Recupera\u00e7\u00e3o Fiscal de Caruaru (REFIS Municipal 2023) e d\u00e1 outras provid\u00eancias. Com esta altera\u00e7\u00e3o, fica inclu\u00eddo no Refis o desconto no Imposto Predial e Territorial Urbano (IPTU).<\/p>\n<p>Poder\u00e3o aderir ao Refis pessoas f\u00edsicas e jur\u00eddicas, de direito p\u00fablico ou privado, inclusive aquelas que se encontram em recupera\u00e7\u00e3o judicial. O programa ter\u00e1 vig\u00eancia at\u00e9 31 de dezembro.<\/p>\n<p>O Refis abrange os d\u00e9bitos de natureza tribut\u00e1ria e n\u00e3o tribut\u00e1ria, vencidos at\u00e9 a data de formaliza\u00e7\u00e3o do pedido de ades\u00e3o ao programa.<\/p>\n<p>Percentuais de descontos de juros e multa:<\/p>\n<p>Se pago em Cota \u00danica: 100%;<br \/>\nDe 02 at\u00e9 12 vezes: 90%;<br \/>\nDe 13 at\u00e9 24 vezes: 80%;<br \/>\nDe 25 at\u00e9 36 vezes: 70%;<br \/>\nDe 37 at\u00e9 48 vezes: 50% ;<br \/>\nDe 49 at\u00e9 60 vezes: 40%.<br \/>\nFoto: Divulga\u00e7\u00e3o\/Secom\/PMC.<\/p>\n<p>Siga o Instagram do Blog para comentar @blogdoedvaldomagalhaes<br \/>\nSe inscreva no canal do Blog no You Tube<\/p>\n","protected":false},"excerpt":{"rendered":"<p>A Secretaria da Fazenda (Sefaz), alterou a Lei n\u00ba 7.059, de 14 de setembro de 2023, que instituiu o Programa&hellip;<\/p>\n","protected":false},"author":1,"featured_media":102199,"comment_status":"closed","ping_status":"open","sticky":false,"template":"","format":"standard","meta":{"footnotes":""},"categories":[14120],"tags":[28803,2,3406,28941],"class_list":["post-102198","post","type-post","status-publish","format-standard","has-post-thumbnail","hentry","category-noticias","tag-blog-com-mais-visualizacoes","tag-blog-do-edvaldo-magalhaes","tag-caruaru","tag-refis-iptu-prefeitura-de-caruaru-oferece-ate-100-de-desconto-no-iptu-neste-final-de-ano"],"_links":{"self":[{"href":"https:\/\/blogdoedvaldomagalhaes.com.br\/index.php\/wp-json\/wp\/v2\/posts\/102198","targetHints":{"allow":["GET"]}}],"collection":[{"href":"https:\/\/blogdoedvaldomagalhaes.com.br\/index.php\/wp-json\/wp\/v2\/posts"}],"about":[{"href":"https:\/\/blogdoedvaldomagalhaes.com.br\/index.php\/wp-json\/wp\/v2\/types\/post"}],"author":[{"embeddable":true,"href":"https:\/\/blogdoedvaldomagalhaes.com.br\/index.php\/wp-json\/wp\/v2\/users\/1"}],"replies":[{"embeddable":true,"href":"https:\/\/blogdoedvaldomagalhaes.com.br\/index.php\/wp-json\/wp\/v2\/comments?post=102198"}],"version-history":[{"count":1,"href":"https:\/\/blogdoedvaldomagalhaes.com.br\/index.php\/wp-json\/wp\/v2\/posts\/102198\/revisions"}],"predecessor-version":[{"id":102200,"href":"https:\/\/blogdoedvaldomagalhaes.com.br\/index.php\/wp-json\/wp\/v2\/posts\/102198\/revisions\/102200"}],"wp:featuredmedia":[{"embeddable":true,"href":"https:\/\/blogdoedvaldomagalhaes.com.br\/index.php\/wp-json\/wp\/v2\/media\/102199"}],"wp:attachment":[{"href":"https:\/\/blogdoedvaldomagalhaes.com.br\/index.php\/wp-json\/wp\/v2\/media?parent=102198"}],"wp:term":[{"taxonomy":"category","embeddable":true,"href":"https:\/\/blogdoedvaldomagalhaes.com.br\/index.php\/wp-json\/wp\/v2\/categories?post=102198"},{"taxonomy":"post_tag","embeddable":true,"href":"https:\/\/blogdoedvaldomagalhaes.com.br\/index.php\/wp-json\/wp\/v2\/tags?post=102198"}],"curies":[{"name":"wp","href":"https:\/\/api.w.org\/{rel}","templated":true}]}}