{"id":102192,"date":"2023-10-25T11:46:46","date_gmt":"2023-10-25T14:46:46","guid":{"rendered":"https:\/\/blogdoedvaldomagalhaes.com.br\/?p=102192"},"modified":"2023-10-25T11:46:47","modified_gmt":"2023-10-25T14:46:47","slug":"grupo-e-detido-ao-furtarcalcas-jeans-em-shopping","status":"publish","type":"post","link":"https:\/\/blogdoedvaldomagalhaes.com.br\/index.php\/2023\/10\/25\/grupo-e-detido-ao-furtarcalcas-jeans-em-shopping\/","title":{"rendered":"Grupo \u00e9 detido ao furtarcal\u00e7as jeans em shopping"},"content":{"rendered":"<p>Quatro pessoas foram presas, no final da noite de ter\u00e7a-feira (24\/10), por furto no Shopping Patteo, na Rua Carmelita Muniz de Ara\u00fajo, em Casa Caiada, Olinda. Policiais militares do 1\u00ba BPM faziam rondas pela \u00e1rea quando viram a primeira envolvida correndo e os gritos de \u201cpega ladr\u00e3o\u201d. Foi feito o acompanhamento e ela foi presa.<\/p>\n<p>Nesse momento, a equipe foi avisada que outras tr\u00eas suspeitas haviam sido detidas por um popular, com mais produtos do mesmo furto. Diante dos fatos, o grupo foi encaminhado para a Delegacia do Varadouro, juntamente com o material subtra\u00eddo dos estabelecimentos comerciais:  71 pe\u00e7as de cal\u00e7as jeans, totalizando um valor de R$ 9.015,34 em roupas, e tr\u00eas celulares. Foto: Divulga\u00e7\u00e3o\/PM<\/p>\n<p>Siga o Instagram do Blog @blogdoedvaldomagalhaes<br \/>\nSe inscreva no canal do Blog no You Tube<\/p>\n","protected":false},"excerpt":{"rendered":"<p>Quatro pessoas foram presas, no final da noite de ter\u00e7a-feira (24\/10), por furto no Shopping Patteo, na Rua Carmelita Muniz&hellip;<\/p>\n","protected":false},"author":1,"featured_media":102193,"comment_status":"closed","ping_status":"open","sticky":false,"template":"","format":"standard","meta":{"footnotes":""},"categories":[14121],"tags":[28803,2,28801,3406,28939],"class_list":["post-102192","post","type-post","status-publish","format-standard","has-post-thumbnail","hentry","category-policial","tag-blog-com-mais-visualizacoes","tag-blog-do-edvaldo-magalhaes","tag-blog-mais-acessado","tag-caruaru","tag-grupo-e-detido-ao-furtar-calcas-jeans-em-shopping"],"_links":{"self":[{"href":"https:\/\/blogdoedvaldomagalhaes.com.br\/index.php\/wp-json\/wp\/v2\/posts\/102192","targetHints":{"allow":["GET"]}}],"collection":[{"href":"https:\/\/blogdoedvaldomagalhaes.com.br\/index.php\/wp-json\/wp\/v2\/posts"}],"about":[{"href":"https:\/\/blogdoedvaldomagalhaes.com.br\/index.php\/wp-json\/wp\/v2\/types\/post"}],"author":[{"embeddable":true,"href":"https:\/\/blogdoedvaldomagalhaes.com.br\/index.php\/wp-json\/wp\/v2\/users\/1"}],"replies":[{"embeddable":true,"href":"https:\/\/blogdoedvaldomagalhaes.com.br\/index.php\/wp-json\/wp\/v2\/comments?post=102192"}],"version-history":[{"count":1,"href":"https:\/\/blogdoedvaldomagalhaes.com.br\/index.php\/wp-json\/wp\/v2\/posts\/102192\/revisions"}],"predecessor-version":[{"id":102194,"href":"https:\/\/blogdoedvaldomagalhaes.com.br\/index.php\/wp-json\/wp\/v2\/posts\/102192\/revisions\/102194"}],"wp:featuredmedia":[{"embeddable":true,"href":"https:\/\/blogdoedvaldomagalhaes.com.br\/index.php\/wp-json\/wp\/v2\/media\/102193"}],"wp:attachment":[{"href":"https:\/\/blogdoedvaldomagalhaes.com.br\/index.php\/wp-json\/wp\/v2\/media?parent=102192"}],"wp:term":[{"taxonomy":"category","embeddable":true,"href":"https:\/\/blogdoedvaldomagalhaes.com.br\/index.php\/wp-json\/wp\/v2\/categories?post=102192"},{"taxonomy":"post_tag","embeddable":true,"href":"https:\/\/blogdoedvaldomagalhaes.com.br\/index.php\/wp-json\/wp\/v2\/tags?post=102192"}],"curies":[{"name":"wp","href":"https:\/\/api.w.org\/{rel}","templated":true}]}}