{"id":102186,"date":"2023-10-25T11:25:55","date_gmt":"2023-10-25T14:25:55","guid":{"rendered":"https:\/\/blogdoedvaldomagalhaes.com.br\/?p=102186"},"modified":"2023-10-25T11:25:56","modified_gmt":"2023-10-25T14:25:56","slug":"hospital-regional-do-agreste-adere-ao-teleuti-brasil","status":"publish","type":"post","link":"https:\/\/blogdoedvaldomagalhaes.com.br\/index.php\/2023\/10\/25\/hospital-regional-do-agreste-adere-ao-teleuti-brasil\/","title":{"rendered":"Hospital Regional do Agreste adere ao TeleUTI Brasil"},"content":{"rendered":"<p>Buscando a melhora de tempo de interna\u00e7\u00e3o e morbimortalidade de pacientes da Unidade de Terapia Intensiva (UTI), o Hospital Regional do Agreste (HRA), localizado em Caruaru, passou a aderir ao TeleUTI Brasil, projeto que faz parte do Programa de Apoio ao Desenvolvimento Institucional do Sistema \u00danico de Sa\u00fade (Proadi-SUS), do Minist\u00e9rio da Sa\u00fade, e funciona com telemedicina.<\/p>\n<p>O projeto contempla visitas cl\u00ednicas e discuss\u00e3o dos pacientes de maneira virtual, realizadas de segunda a sexta, com apoio de equipe multiprofissional da Benefic\u00eancia Portuguesa de S\u00e3o Paulo. Por meio de videochamada, as equipes se re\u00fanem para discutir cada caso individualmente e estabelecer as metas para o dia seguinte. A iniciativa pretende otimizar o desfecho cl\u00ednico de pacientes por meio da abordagem multiprofissional e acompanhamento horizontal. Adicionalmente, contribui com o uso racional dos recursos p\u00fablicos e a redu\u00e7\u00e3o de desperd\u00edcios financeiros no Sistema \u00danico de Sa\u00fade (SUS), permitindo o acesso de mais pacientes aos leitos e aumentando sua seguran\u00e7a.<\/p>\n<p>O principal objetivo do programa \u00e9 ampliar e qualificar o acesso aos servi\u00e7os de sa\u00fade, em tempo adequado, com \u00eanfase na humaniza\u00e7\u00e3o, equidade e no atendimento das necessidades de sa\u00fade, aprimorando a pol\u00edtica de aten\u00e7\u00e3o b\u00e1sica e especializada, ambulatorial e hospitalar. O servi\u00e7o oferece, ainda, consultas com diversos especialistas. \u201cPor meio do projeto, tamb\u00e9m s\u00e3o ofertadas teleconsultas. Se precisarmos de alguma especialidade indispon\u00edvel na unidade, um pneumologista por exemplo, solicitamos \u00e0 equipe da Benefic\u00eancia Portuguesa uma teleconsulta\u201d, explica Gabriel Gomes, coordenador do N\u00facleo de Educa\u00e7\u00e3o Permanente do HRA.<\/p>\n<p>O TeleUTI visa implantar o modelo de educa\u00e7\u00e3o continuada em leitos de UTI adulto, objetivando a classifica\u00e7\u00e3o da triagem segundo crit\u00e9rio da Associa\u00e7\u00e3o de Medicina de Terapia Intensiva e apoio a decis\u00f5es bio\u00e9ticas, manejo da sedo-analgesia com o que estiver dispon\u00edvel na institui\u00e7\u00e3o e manejo do suporte ventilat\u00f3rio. \u201cO projeto traz melhorias quanto \u00e0 seguran\u00e7a do paciente, atrav\u00e9s da sistematiza\u00e7\u00e3o dos processos, estabelecendo rotinas di\u00e1rias, como a avalia\u00e7\u00e3o multidisciplinar do paciente, al\u00e9m de criar uma rotina no registro e avalia\u00e7\u00e3o dos indicadores da UTI. O projeto tamb\u00e9m promove a atualiza\u00e7\u00e3o dos profissionais atrav\u00e9s da educa\u00e7\u00e3o continuada\u201d, destaca Adriana Melo, coordenadora da UTI.<\/p>\n<p>O TeleUTI tem a dura\u00e7\u00e3o de seis meses e envolve todos os colaboradores que fazem parte das equipes m\u00e9dicas e multiprofissionais da UTI.<br \/>\nFoto: Divulga\u00e7\u00e3o.<\/p>\n<p>Siga o Instagram do Blog @blogdoedvaldomagalhaes<br \/>\nSe inscreva no canal do Blog no You Tube<\/p>\n","protected":false},"excerpt":{"rendered":"<p>Buscando a melhora de tempo de interna\u00e7\u00e3o e morbimortalidade de pacientes da Unidade de Terapia Intensiva (UTI), o Hospital Regional&hellip;<\/p>\n","protected":false},"author":1,"featured_media":102187,"comment_status":"closed","ping_status":"open","sticky":false,"template":"","format":"standard","meta":{"footnotes":""},"categories":[14120],"tags":[28803,2,28801,3406,28937],"class_list":["post-102186","post","type-post","status-publish","format-standard","has-post-thumbnail","hentry","category-noticias","tag-blog-com-mais-visualizacoes","tag-blog-do-edvaldo-magalhaes","tag-blog-mais-acessado","tag-caruaru","tag-hospital-regional-do-agreste-adere-ao-teleuti-brasil"],"_links":{"self":[{"href":"https:\/\/blogdoedvaldomagalhaes.com.br\/index.php\/wp-json\/wp\/v2\/posts\/102186","targetHints":{"allow":["GET"]}}],"collection":[{"href":"https:\/\/blogdoedvaldomagalhaes.com.br\/index.php\/wp-json\/wp\/v2\/posts"}],"about":[{"href":"https:\/\/blogdoedvaldomagalhaes.com.br\/index.php\/wp-json\/wp\/v2\/types\/post"}],"author":[{"embeddable":true,"href":"https:\/\/blogdoedvaldomagalhaes.com.br\/index.php\/wp-json\/wp\/v2\/users\/1"}],"replies":[{"embeddable":true,"href":"https:\/\/blogdoedvaldomagalhaes.com.br\/index.php\/wp-json\/wp\/v2\/comments?post=102186"}],"version-history":[{"count":1,"href":"https:\/\/blogdoedvaldomagalhaes.com.br\/index.php\/wp-json\/wp\/v2\/posts\/102186\/revisions"}],"predecessor-version":[{"id":102188,"href":"https:\/\/blogdoedvaldomagalhaes.com.br\/index.php\/wp-json\/wp\/v2\/posts\/102186\/revisions\/102188"}],"wp:featuredmedia":[{"embeddable":true,"href":"https:\/\/blogdoedvaldomagalhaes.com.br\/index.php\/wp-json\/wp\/v2\/media\/102187"}],"wp:attachment":[{"href":"https:\/\/blogdoedvaldomagalhaes.com.br\/index.php\/wp-json\/wp\/v2\/media?parent=102186"}],"wp:term":[{"taxonomy":"category","embeddable":true,"href":"https:\/\/blogdoedvaldomagalhaes.com.br\/index.php\/wp-json\/wp\/v2\/categories?post=102186"},{"taxonomy":"post_tag","embeddable":true,"href":"https:\/\/blogdoedvaldomagalhaes.com.br\/index.php\/wp-json\/wp\/v2\/tags?post=102186"}],"curies":[{"name":"wp","href":"https:\/\/api.w.org\/{rel}","templated":true}]}}