{"id":102170,"date":"2023-10-24T21:57:45","date_gmt":"2023-10-25T00:57:45","guid":{"rendered":"https:\/\/blogdoedvaldomagalhaes.com.br\/?p=102170"},"modified":"2023-10-25T00:00:37","modified_gmt":"2023-10-25T03:00:37","slug":"amttc-localiza-carro-envolvido-na-morte-de-mecanico-e-motorista-nao-foi-encontrado","status":"publish","type":"post","link":"https:\/\/blogdoedvaldomagalhaes.com.br\/index.php\/2023\/10\/24\/amttc-localiza-carro-envolvido-na-morte-de-mecanico-e-motorista-nao-foi-encontrado\/","title":{"rendered":"AMTTC localiza carro envolvido na morte de mec\u00e2nico e motorista n\u00e3o foi encontrado"},"content":{"rendered":"<p>Os Agentes de Tr\u00e2nsito da Autarquia de Mobilidade, Tr\u00e2nsito e Transportes de Caruaru (AMTTC) localizaram, no in\u00edcio da tarde desta ter\u00e7a-feira (24), o ve\u00edculo Honda Civic, de placa MVA 6569, envolvido em um sinistro de tr\u00e2nsito, no in\u00edcio da manh\u00e3 de hoje. O condutor do carro n\u00e3o prestou socorro \u00e0 v\u00edtima, que faleceu no local.Equipes da Pol\u00edcia Militar e Pol\u00edcia Civil tamb\u00e9m participaram da busca. O condutor envolvido na colis\u00e3o n\u00e3o estava dentro do ve\u00edculo no momento em que o carro foi encontrado. Foto: Divulga\u00e7\u00e3o.Siga o Instagram do Blog para comentar @blogdoedvaldomagalhaes<br \/>\nSe inscreva no canal do Blog no You Tube<img decoding=\"async\" src=\"https:\/\/blogdoedvaldomagalhaes.com.br\/wp-content\/uploads\/2023\/10\/img-20231024-wa01572115768363716675037.jpg\" class=\"size-full\" data-wpid=\"421\"><\/p>\n<p><img loading=\"lazy\" decoding=\"async\" src=\"https:\/\/blogdoedvaldomagalhaes.com.br\/wp-content\/uploads\/2023\/10\/da854e82-4404-484c-93d9-6c37ada226c0.jpg\" class=\"size-full wp-image-102180\" width=\"400\" height=\"245\" srcset=\"https:\/\/blogdoedvaldomagalhaes.com.br\/wp-content\/uploads\/2023\/10\/da854e82-4404-484c-93d9-6c37ada226c0.jpg 400w, https:\/\/blogdoedvaldomagalhaes.com.br\/wp-content\/uploads\/2023\/10\/da854e82-4404-484c-93d9-6c37ada226c0-300x184.jpg 300w\" sizes=\"auto, (max-width: 400px) 100vw, 400px\" \/><\/p>\n<p>V\u00edtima: Jonathan Wendson da Silva Gomes<\/p>\n","protected":false},"excerpt":{"rendered":"<p>Os Agentes de Tr\u00e2nsito da Autarquia de Mobilidade, Tr\u00e2nsito e Transportes de Caruaru (AMTTC) localizaram, no in\u00edcio da tarde desta&hellip;<\/p>\n","protected":false},"author":1,"featured_media":102171,"comment_status":"closed","ping_status":"open","sticky":false,"template":"","format":"standard","meta":{"footnotes":""},"categories":[14121],"tags":[14276,28936,28803,2,28801,3406],"class_list":["post-102170","post","type-post","status-publish","format-standard","has-post-thumbnail","hentry","category-policial","tag-acidente","tag-amttc-localiza-carro-envolvido-na-morte-de-mecanico-e-motorista-nao-foi-encontrado","tag-blog-com-mais-visualizacoes","tag-blog-do-edvaldo-magalhaes","tag-blog-mais-acessado","tag-caruaru"],"_links":{"self":[{"href":"https:\/\/blogdoedvaldomagalhaes.com.br\/index.php\/wp-json\/wp\/v2\/posts\/102170","targetHints":{"allow":["GET"]}}],"collection":[{"href":"https:\/\/blogdoedvaldomagalhaes.com.br\/index.php\/wp-json\/wp\/v2\/posts"}],"about":[{"href":"https:\/\/blogdoedvaldomagalhaes.com.br\/index.php\/wp-json\/wp\/v2\/types\/post"}],"author":[{"embeddable":true,"href":"https:\/\/blogdoedvaldomagalhaes.com.br\/index.php\/wp-json\/wp\/v2\/users\/1"}],"replies":[{"embeddable":true,"href":"https:\/\/blogdoedvaldomagalhaes.com.br\/index.php\/wp-json\/wp\/v2\/comments?post=102170"}],"version-history":[{"count":3,"href":"https:\/\/blogdoedvaldomagalhaes.com.br\/index.php\/wp-json\/wp\/v2\/posts\/102170\/revisions"}],"predecessor-version":[{"id":102181,"href":"https:\/\/blogdoedvaldomagalhaes.com.br\/index.php\/wp-json\/wp\/v2\/posts\/102170\/revisions\/102181"}],"wp:featuredmedia":[{"embeddable":true,"href":"https:\/\/blogdoedvaldomagalhaes.com.br\/index.php\/wp-json\/wp\/v2\/media\/102171"}],"wp:attachment":[{"href":"https:\/\/blogdoedvaldomagalhaes.com.br\/index.php\/wp-json\/wp\/v2\/media?parent=102170"}],"wp:term":[{"taxonomy":"category","embeddable":true,"href":"https:\/\/blogdoedvaldomagalhaes.com.br\/index.php\/wp-json\/wp\/v2\/categories?post=102170"},{"taxonomy":"post_tag","embeddable":true,"href":"https:\/\/blogdoedvaldomagalhaes.com.br\/index.php\/wp-json\/wp\/v2\/tags?post=102170"}],"curies":[{"name":"wp","href":"https:\/\/api.w.org\/{rel}","templated":true}]}}