{"id":102167,"date":"2023-10-24T21:39:06","date_gmt":"2023-10-25T00:39:06","guid":{"rendered":"https:\/\/blogdoedvaldomagalhaes.com.br\/?p=102167"},"modified":"2023-10-24T22:15:09","modified_gmt":"2023-10-25T01:15:09","slug":"kits-da-campanha-cria-na-paz-entregues-na-maternidade-municipal-de-caruaru-bebe-prefeito-foi-o-1-a-receber-o-kit","status":"publish","type":"post","link":"https:\/\/blogdoedvaldomagalhaes.com.br\/index.php\/2023\/10\/24\/kits-da-campanha-cria-na-paz-entregues-na-maternidade-municipal-de-caruaru-bebe-prefeito-foi-o-1-a-receber-o-kit\/","title":{"rendered":"Kits da \u201cCampanha Cria na Paz\u201d entregues na maternidade municipal de Caruaru, &#8220;Beb\u00ea Prefeito&#8221; foi o 1\u00b0 a receber o kit"},"content":{"rendered":"<p>Em comemora\u00e7\u00e3o \u00e0 Semana do Beb\u00ea, iniciada na \u00faltima segunda-feira (23), a Prefeitura de Caruaru, por meio do Comit\u00ea de Primeira Inf\u00e2ncia Caruaru (CPRINC), em parceria com o Conselho Municipal dos Direitos da Crian\u00e7a e do Adolescente (COMDICA), est\u00e1 com diversas a\u00e7\u00f5es, entre elas, em destaque a Campanha de Mudan\u00e7a de Comportamento \u201cCria na Paz\u201d, que acontece desde junho de 2023, na qual tem como foco a primeira inf\u00e2ncia (crian\u00e7as de at\u00e9 6 anos) e defende a Educa\u00e7\u00e3o N\u00e3o Violenta, levando a mensagem de que palmadas, castigos e gritos n\u00e3o devem acontecer na cria\u00e7\u00e3o dos pequenos.<\/p>\n<p>A campanha, criada pela Allma Hub, empresa parceira da Rede Urban95, busca interromper o ciclo de viol\u00eancias dom\u00e9sticas contra a crian\u00e7a. Neste sentido, convoca a rede de servidores municipais, os familiares e respons\u00e1veis pelos pequenos cidad\u00e3os a disseminar uma cultura de combate a agress\u00f5es f\u00edsicas, gritos, castigos e humilha\u00e7\u00f5es que fazem mal ao desenvolvimento de qualquer ser humano.<\/p>\n<p>At\u00e9 o fim da Semana do Beb\u00ea, a campanha ser\u00e1 intensificada por toda cidade. Na manh\u00e3 desta ter\u00e7a-feira (24), com a posse do \u2018Beb\u00ea Prefeito\u2019, foram entregues os kits da campanha, composto por babador, camisa e folheto para todos as crian\u00e7as que nascerem durante esta semana na Maternidade Municipal Santa Dulce dos Pobres. At\u00e9 o fim da semana, a campanha se intensificar\u00e1 com rodas de conversas com familiares e respons\u00e1veis pelas crian\u00e7as nos equipamentos da cidade.<\/p>\n<p><img loading=\"lazy\" decoding=\"async\" src=\"https:\/\/blogdoedvaldomagalhaes.com.br\/wp-content\/uploads\/2023\/10\/img-20231024-wa01454993645321649681115.jpg\" class=\"wp-image-102173 alignnone size-full\" width=\"1600\" height=\"1155\" srcset=\"https:\/\/blogdoedvaldomagalhaes.com.br\/wp-content\/uploads\/2023\/10\/img-20231024-wa01454993645321649681115.jpg 1600w, https:\/\/blogdoedvaldomagalhaes.com.br\/wp-content\/uploads\/2023\/10\/img-20231024-wa01454993645321649681115-300x217.jpg 300w, https:\/\/blogdoedvaldomagalhaes.com.br\/wp-content\/uploads\/2023\/10\/img-20231024-wa01454993645321649681115-1024x739.jpg 1024w, https:\/\/blogdoedvaldomagalhaes.com.br\/wp-content\/uploads\/2023\/10\/img-20231024-wa01454993645321649681115-768x554.jpg 768w, https:\/\/blogdoedvaldomagalhaes.com.br\/wp-content\/uploads\/2023\/10\/img-20231024-wa01454993645321649681115-1536x1109.jpg 1536w\" sizes=\"auto, (max-width: 1600px) 100vw, 1600px\" \/><\/p>\n<p>\u2018Beb\u00ea Prefeito\u2019 recebe chave s\u00edmbolo da cidade e \u00e9 \u201cempossado\u201d em Caruaru<\/p>\n<p>Pesando 3,150g e com 49 cent\u00edmetros, o \u201cBeb\u00ea Prefeito\u201d de Caruaru, Bryan Bernardo Lira da Silva, foi a primeira crian\u00e7a a nascer na Maternidade Municipal Santa Dulce dos Pobres (MMSDP), nesta segunda-feira (23), dentro da programa\u00e7\u00e3o da Semana do Beb\u00ea, realizada pela Prefeitura de Caruaru, com o apoio do Unicef. O prefeito Rodrigo Pinheiro fez a entrega simb\u00f3lica da chave da cidade e o t\u00edtulo de \u201cBeb\u00ea Prefeito\u201d \u00e0 crian\u00e7a, acompanhado de uma faixa, al\u00e9m de um kit enxoval.<\/p>\n<p>Bryan \u00e9 filho de Laiza Camylle Bernardo da Silva e Jefferson Lira Leite, que moram no bairro Petr\u00f3polis. Para ser diplomado, precisou que a m\u00e3e do pequeno cumprisse os seguintes crit\u00e9rios: residir em Caruaru e ter feito, pelo menos, sete consultas de pr\u00e9-natal, que no caso de Laiza, foram realizadas no PACS S\u00e3o Francisco.<\/p>\n<p>\u201cEu nem esperava nada disso, fiquei muito emocionada. \u00c9 uma a\u00e7\u00e3o importante para chamar a aten\u00e7\u00e3o das m\u00e3es que v\u00e3o ter beb\u00ea, fazer o pr\u00e9-natal direitinho\u201d, destacou a mam\u00e3e Laiza. \u201cEu fiquei muito emocionado. Ser pai foi uma experi\u00eancia incr\u00edvel e eu gostei de ter sido na maternidade municipal, acompanhando os cuidados que a minha esposa teve aqui\u201d, pontuou o papai Jefferson.<\/p>\n<p>\u201cA gente comemora a semana nacional do beb\u00ea e em Caruaru, este ano, a gente faz, simbolicamente, esse acompanhamento com o beb\u00ea prefeito Bryan, que atendeu todos os requisitos. Os pais fizeram mais de sete exames aqui pela nossa rede, nasceu aqui na nossa maternidade, mas tudo isso s\u00e3o a\u00e7\u00f5es que a prefeitura, em conjunto com todas as secretarias, investe na primeira inf\u00e2ncia, desde o nascimento at\u00e9 os anos iniciais nas escolas, todo o acompanhamento na rede municipal de sa\u00fade, mas tamb\u00e9m com as secretarias de Desenvolvimento Social, de Educa\u00e7\u00e3o, ou seja, toda a gest\u00e3o envolvida e investindo na primeira inf\u00e2ncia\u201d, enfatizou o prefeito de Caruaru, Rodrigo Pinheiro.<\/p>\n<p>A Semana do Beb\u00ea \u00e9 uma das principais estrat\u00e9gias do Fundo das Na\u00e7\u00f5es Unidas para a Inf\u00e2ncia (Unicef) para assegurar a aten\u00e7\u00e3o adequada a crian\u00e7as de at\u00e9 seis anos de idade, tendo como objetivo tornar o direito \u00e0 sobreviv\u00eancia e ao desenvolvimento infantil uma prioridade na agenda dos munic\u00edpios brasileiros. A cada edi\u00e7\u00e3o ocorrem discuss\u00f5es sobre temas como mortalidade infantil, aleitamento materno, gravidez na adolesc\u00eancia, forma\u00e7\u00e3o de v\u00ednculo e estimula\u00e7\u00e3o do beb\u00ea, por meio da organiza\u00e7\u00e3o de oficinas, atividades l\u00fadicas e culturais.<\/p>\n<p>Em Caruaru, a programa\u00e7\u00e3o est\u00e1 sendo conduzida de modo intersetorial, por meio das Secretarias de Desenvolvimento Social e Direitos Humanos (SDSDH), de Sa\u00fade (SMS), de Pol\u00edtica para Mulheres (SPM), de Educa\u00e7\u00e3o e Esportes (Seduc), de Planejamento e Gest\u00e3o (Seplag), Conselho Municipal dos Direitos da Crian\u00e7a e do Adolescente de Caruaru (Comdica) e do Programa Crian\u00e7a Feliz.<\/p>\n<p>A comemora\u00e7\u00e3o teve in\u00edcio na segunda-feira (23) e segue at\u00e9 o pr\u00f3ximo domingo (29) na Maternidade Municipal Santa Dulce dos Pobres (MMSDP), nas Unidades B\u00e1sicas de Sa\u00fade (UBS\u2019s), no Centros Municipais de Educa\u00e7\u00e3o Infantil (CMEIs) e nos Centros de Refer\u00eancia em Assist\u00eancia Social (Cras). Fotos: Elvis \u00c9dson\/Secom\/PMC.<\/p>\n<p>Siga o Instagram do Blog para comentar @blogdoedvaldomagalhaes<br \/>\nSe inscreva no canal do Blog no You Tube<\/p>\n","protected":false},"excerpt":{"rendered":"<p>Em comemora\u00e7\u00e3o \u00e0 Semana do Beb\u00ea, iniciada na \u00faltima segunda-feira (23), a Prefeitura de Caruaru, por meio do Comit\u00ea de&hellip;<\/p>\n","protected":false},"author":1,"featured_media":102168,"comment_status":"closed","ping_status":"open","sticky":false,"template":"","format":"standard","meta":{"footnotes":""},"categories":[14120],"tags":[2,28801,28935,3406,28934],"class_list":["post-102167","post","type-post","status-publish","format-standard","has-post-thumbnail","hentry","category-noticias","tag-blog-do-edvaldo-magalhaes","tag-blog-mais-acessado","tag-bom-com-mais-visualizacoes","tag-caruaru","tag-kits-da-campanha-cria-na-paz-entregues-na-maternidade-municipal-de-caruaru-bebe-prefeito-foi-o-1-a-receber-o-kit"],"_links":{"self":[{"href":"https:\/\/blogdoedvaldomagalhaes.com.br\/index.php\/wp-json\/wp\/v2\/posts\/102167","targetHints":{"allow":["GET"]}}],"collection":[{"href":"https:\/\/blogdoedvaldomagalhaes.com.br\/index.php\/wp-json\/wp\/v2\/posts"}],"about":[{"href":"https:\/\/blogdoedvaldomagalhaes.com.br\/index.php\/wp-json\/wp\/v2\/types\/post"}],"author":[{"embeddable":true,"href":"https:\/\/blogdoedvaldomagalhaes.com.br\/index.php\/wp-json\/wp\/v2\/users\/1"}],"replies":[{"embeddable":true,"href":"https:\/\/blogdoedvaldomagalhaes.com.br\/index.php\/wp-json\/wp\/v2\/comments?post=102167"}],"version-history":[{"count":4,"href":"https:\/\/blogdoedvaldomagalhaes.com.br\/index.php\/wp-json\/wp\/v2\/posts\/102167\/revisions"}],"predecessor-version":[{"id":102177,"href":"https:\/\/blogdoedvaldomagalhaes.com.br\/index.php\/wp-json\/wp\/v2\/posts\/102167\/revisions\/102177"}],"wp:featuredmedia":[{"embeddable":true,"href":"https:\/\/blogdoedvaldomagalhaes.com.br\/index.php\/wp-json\/wp\/v2\/media\/102168"}],"wp:attachment":[{"href":"https:\/\/blogdoedvaldomagalhaes.com.br\/index.php\/wp-json\/wp\/v2\/media?parent=102167"}],"wp:term":[{"taxonomy":"category","embeddable":true,"href":"https:\/\/blogdoedvaldomagalhaes.com.br\/index.php\/wp-json\/wp\/v2\/categories?post=102167"},{"taxonomy":"post_tag","embeddable":true,"href":"https:\/\/blogdoedvaldomagalhaes.com.br\/index.php\/wp-json\/wp\/v2\/tags?post=102167"}],"curies":[{"name":"wp","href":"https:\/\/api.w.org\/{rel}","templated":true}]}}