{"id":102164,"date":"2023-10-24T21:02:30","date_gmt":"2023-10-25T00:02:30","guid":{"rendered":"https:\/\/blogdoedvaldomagalhaes.com.br\/?p=102164"},"modified":"2023-10-24T21:02:31","modified_gmt":"2023-10-25T00:02:31","slug":"editais-de-premiacao-da-lei-paulo-gustavo-seguem-abertos-ate-o-dia-31-em-agrestina","status":"publish","type":"post","link":"https:\/\/blogdoedvaldomagalhaes.com.br\/index.php\/2023\/10\/24\/editais-de-premiacao-da-lei-paulo-gustavo-seguem-abertos-ate-o-dia-31-em-agrestina\/","title":{"rendered":"Editais de premia\u00e7\u00e3o da Lei Paulo Gustavo seguem abertos at\u00e9 o dia 31 em Agrestina"},"content":{"rendered":"<p>A Secretaria de Cultura e Turismo de Agrestina, informa que se encontram abertas as inscri\u00e7\u00f5es para os editais de audiovisual e multilinguagens da Lei Paulo Gustavo, destinados \u00e0 premia\u00e7\u00e3o de fazedores de cultura do munic\u00edpio.<\/p>\n<p>Os interessados podem realizar a inscri\u00e7\u00e3o atrav\u00e9s do site www.agrestina.pe.gov.br ou presencialmente, das 8h \u00e0s 12h, na sede da Secretaria de Cultura e Turismo, localizada na rua Capit\u00e3o Cadete, n\u00b0 58, centro da cidade.<\/p>\n<p>O prazo de inscri\u00e7\u00f5es \u00e9 at\u00e9 o dia 31 de outubro.<\/p>\n<p>Siga o Instagram do Blog @blogdoedvaldomagalhaes<br \/>\nSe inscreva no canal do Blog no You Tube<\/p>\n","protected":false},"excerpt":{"rendered":"<p>A Secretaria de Cultura e Turismo de Agrestina, informa que se encontram abertas as inscri\u00e7\u00f5es para os editais de audiovisual&hellip;<\/p>\n","protected":false},"author":1,"featured_media":102165,"comment_status":"closed","ping_status":"open","sticky":false,"template":"","format":"standard","meta":{"footnotes":""},"categories":[14120],"tags":[28803,2,19430,3406,28933],"class_list":["post-102164","post","type-post","status-publish","format-standard","has-post-thumbnail","hentry","category-noticias","tag-blog-com-mais-visualizacoes","tag-blog-do-edvaldo-magalhaes","tag-blog-mais-acessado-de-caruaru","tag-caruaru","tag-editais-de-premiacao-da-lei-paulo-gustavo-seguem-abertos-ate-o-dia-31-em-agrestina"],"_links":{"self":[{"href":"https:\/\/blogdoedvaldomagalhaes.com.br\/index.php\/wp-json\/wp\/v2\/posts\/102164","targetHints":{"allow":["GET"]}}],"collection":[{"href":"https:\/\/blogdoedvaldomagalhaes.com.br\/index.php\/wp-json\/wp\/v2\/posts"}],"about":[{"href":"https:\/\/blogdoedvaldomagalhaes.com.br\/index.php\/wp-json\/wp\/v2\/types\/post"}],"author":[{"embeddable":true,"href":"https:\/\/blogdoedvaldomagalhaes.com.br\/index.php\/wp-json\/wp\/v2\/users\/1"}],"replies":[{"embeddable":true,"href":"https:\/\/blogdoedvaldomagalhaes.com.br\/index.php\/wp-json\/wp\/v2\/comments?post=102164"}],"version-history":[{"count":1,"href":"https:\/\/blogdoedvaldomagalhaes.com.br\/index.php\/wp-json\/wp\/v2\/posts\/102164\/revisions"}],"predecessor-version":[{"id":102166,"href":"https:\/\/blogdoedvaldomagalhaes.com.br\/index.php\/wp-json\/wp\/v2\/posts\/102164\/revisions\/102166"}],"wp:featuredmedia":[{"embeddable":true,"href":"https:\/\/blogdoedvaldomagalhaes.com.br\/index.php\/wp-json\/wp\/v2\/media\/102165"}],"wp:attachment":[{"href":"https:\/\/blogdoedvaldomagalhaes.com.br\/index.php\/wp-json\/wp\/v2\/media?parent=102164"}],"wp:term":[{"taxonomy":"category","embeddable":true,"href":"https:\/\/blogdoedvaldomagalhaes.com.br\/index.php\/wp-json\/wp\/v2\/categories?post=102164"},{"taxonomy":"post_tag","embeddable":true,"href":"https:\/\/blogdoedvaldomagalhaes.com.br\/index.php\/wp-json\/wp\/v2\/tags?post=102164"}],"curies":[{"name":"wp","href":"https:\/\/api.w.org\/{rel}","templated":true}]}}