{"id":102161,"date":"2023-10-24T20:49:23","date_gmt":"2023-10-24T23:49:23","guid":{"rendered":"https:\/\/blogdoedvaldomagalhaes.com.br\/?p=102161"},"modified":"2023-10-24T20:49:24","modified_gmt":"2023-10-24T23:49:24","slug":"pm-apreende-carga-irregular-de-madeira-na-br-232","status":"publish","type":"post","link":"https:\/\/blogdoedvaldomagalhaes.com.br\/index.php\/2023\/10\/24\/pm-apreende-carga-irregular-de-madeira-na-br-232\/","title":{"rendered":"PM apreende carga irregular de madeira na BR 232"},"content":{"rendered":"<p>Policiais militares da Cipoma realizaram, na madrugada desta ter\u00e7a-feira (24\/10), a apreens\u00e3o de uma carga de madeira irregular na BR-232, em Gravat\u00e1. O efetivo avistou um caminh\u00e3o e fez a vistoria, encontrando aproximadamente 50m\u00b3 de lenha, com apar\u00eancia de algaroba.<\/p>\n<p>Foi solicitada a documenta\u00e7\u00e3o ao motorista que admitiu n\u00e3o ter a papelada, enquadrando-se em desacordo com a Lei 9605\/98, artigo46 (Lei de Crimes Ambientais). O envolvido foi, ent\u00e3o, conduzido para a Delegacia de Vit\u00f3ria de Santo Ant\u00e3o, para a ado\u00e7\u00e3o das medidas legais cab\u00edveis.<\/p>\n<p>O caminh\u00e3o apresentou problemas mec\u00e2nicos e ficou, juntamente com a carga, estacionado em um posto de combust\u00edvel, na cidade de Pombos. Foto: Divulga\u00e7\u00e3o.<\/p>\n<p>Siga o Instagram do Blog @blogdoedvaldomagalhaes<br \/>\nSe inscreva no canal do Blog no You Tube<\/p>\n","protected":false},"excerpt":{"rendered":"<p>Policiais militares da Cipoma realizaram, na madrugada desta ter\u00e7a-feira (24\/10), a apreens\u00e3o de uma carga de madeira irregular na BR-232,&hellip;<\/p>\n","protected":false},"author":1,"featured_media":102162,"comment_status":"closed","ping_status":"open","sticky":false,"template":"","format":"standard","meta":{"footnotes":""},"categories":[14121],"tags":[28803,2,19430,3406,28932],"class_list":["post-102161","post","type-post","status-publish","format-standard","has-post-thumbnail","hentry","category-policial","tag-blog-com-mais-visualizacoes","tag-blog-do-edvaldo-magalhaes","tag-blog-mais-acessado-de-caruaru","tag-caruaru","tag-pm-apreende-carga-irregular-de-madeira-na-br-232"],"_links":{"self":[{"href":"https:\/\/blogdoedvaldomagalhaes.com.br\/index.php\/wp-json\/wp\/v2\/posts\/102161","targetHints":{"allow":["GET"]}}],"collection":[{"href":"https:\/\/blogdoedvaldomagalhaes.com.br\/index.php\/wp-json\/wp\/v2\/posts"}],"about":[{"href":"https:\/\/blogdoedvaldomagalhaes.com.br\/index.php\/wp-json\/wp\/v2\/types\/post"}],"author":[{"embeddable":true,"href":"https:\/\/blogdoedvaldomagalhaes.com.br\/index.php\/wp-json\/wp\/v2\/users\/1"}],"replies":[{"embeddable":true,"href":"https:\/\/blogdoedvaldomagalhaes.com.br\/index.php\/wp-json\/wp\/v2\/comments?post=102161"}],"version-history":[{"count":1,"href":"https:\/\/blogdoedvaldomagalhaes.com.br\/index.php\/wp-json\/wp\/v2\/posts\/102161\/revisions"}],"predecessor-version":[{"id":102163,"href":"https:\/\/blogdoedvaldomagalhaes.com.br\/index.php\/wp-json\/wp\/v2\/posts\/102161\/revisions\/102163"}],"wp:featuredmedia":[{"embeddable":true,"href":"https:\/\/blogdoedvaldomagalhaes.com.br\/index.php\/wp-json\/wp\/v2\/media\/102162"}],"wp:attachment":[{"href":"https:\/\/blogdoedvaldomagalhaes.com.br\/index.php\/wp-json\/wp\/v2\/media?parent=102161"}],"wp:term":[{"taxonomy":"category","embeddable":true,"href":"https:\/\/blogdoedvaldomagalhaes.com.br\/index.php\/wp-json\/wp\/v2\/categories?post=102161"},{"taxonomy":"post_tag","embeddable":true,"href":"https:\/\/blogdoedvaldomagalhaes.com.br\/index.php\/wp-json\/wp\/v2\/tags?post=102161"}],"curies":[{"name":"wp","href":"https:\/\/api.w.org\/{rel}","templated":true}]}}