{"id":102155,"date":"2023-10-24T20:14:25","date_gmt":"2023-10-24T23:14:25","guid":{"rendered":"https:\/\/blogdoedvaldomagalhaes.com.br\/?p=102155"},"modified":"2023-10-24T20:19:40","modified_gmt":"2023-10-24T23:19:40","slug":"junior-letal-comemora-primeiro-dia-de-atendimento-do-cadastro-unico-no-bairro-agamenon","status":"publish","type":"post","link":"https:\/\/blogdoedvaldomagalhaes.com.br\/index.php\/2023\/10\/24\/junior-letal-comemora-primeiro-dia-de-atendimento-do-cadastro-unico-no-bairro-agamenon\/","title":{"rendered":"J\u00fanior Letal comemora primeiro dia de atendimento do Cadastro \u00danico no bairro Agamenon"},"content":{"rendered":"<p>O presidente da Associa\u00e7\u00e3o de Moradores do bairro Agamenon, J\u00fanior Letal, estar comemorando os bons resultados obtidos no pimeiro dia de atendimento do servi\u00e7o descentralizado do Cadastro \u00danico, iniciado nesta ter\u00e7a-feira (24), no bairro Agamenon Magalh\u00e3es.<\/p>\n<p>O presidente da AMBAM, J\u00fanior Letal destacou a import\u00e2ncia do servi\u00e7o para a comunidade, pois, antes da implanta\u00e7\u00e3o os moradores dos bairros Agamenon, Encanto da Serra, Adalgisa Nunes, Wirton Lira, Morada Verde e Bela Vista precisavam se deslocar em busca de atendimento em um dos CRAS de outras localidades.<\/p>\n<p>&#8220;A gest\u00e3o do prefeito Rodrigo Pinheiro tem sido cir\u00fargica na nossa comunidade. As a\u00e7\u00f5es tem sido realizadas nas \u00e1reas onde os moradores mais precisam. N\u00f3s que fazemos parte da Associa\u00e7\u00e3o de Moradores do bairro Agamenon, estamos satisfeitos com esse primeiro dia. Gratid\u00e3o a excelente secret\u00e1ria de Desenvolvimento Social de Caruaru, Dayse Willyane pela determina\u00e7\u00e3o de se implantar esse servi\u00e7o na nossa comunidade&#8221;, disse J\u00fanior Letal.<br \/>\nFoto: Divulga\u00e7\u00e3o.<br \/>\nSiga o Instagram do Blog no Instagram para comentar @blogdoedvaldomagalhaes<br \/>\nSe inscreva no canal do Blog no You Tube<\/p>\n","protected":false},"excerpt":{"rendered":"<p>O presidente da Associa\u00e7\u00e3o de Moradores do bairro Agamenon, J\u00fanior Letal, estar comemorando os bons resultados obtidos no pimeiro dia&hellip;<\/p>\n","protected":false},"author":1,"featured_media":102156,"comment_status":"closed","ping_status":"open","sticky":false,"template":"","format":"standard","meta":{"footnotes":""},"categories":[14120],"tags":[28803,2,3406,28930],"class_list":["post-102155","post","type-post","status-publish","format-standard","has-post-thumbnail","hentry","category-noticias","tag-blog-com-mais-visualizacoes","tag-blog-do-edvaldo-magalhaes","tag-caruaru","tag-junior-letal-comemora-primeiro-dia-de-atendimento-do-cadastro-unico-no-bairro-agamenon"],"_links":{"self":[{"href":"https:\/\/blogdoedvaldomagalhaes.com.br\/index.php\/wp-json\/wp\/v2\/posts\/102155","targetHints":{"allow":["GET"]}}],"collection":[{"href":"https:\/\/blogdoedvaldomagalhaes.com.br\/index.php\/wp-json\/wp\/v2\/posts"}],"about":[{"href":"https:\/\/blogdoedvaldomagalhaes.com.br\/index.php\/wp-json\/wp\/v2\/types\/post"}],"author":[{"embeddable":true,"href":"https:\/\/blogdoedvaldomagalhaes.com.br\/index.php\/wp-json\/wp\/v2\/users\/1"}],"replies":[{"embeddable":true,"href":"https:\/\/blogdoedvaldomagalhaes.com.br\/index.php\/wp-json\/wp\/v2\/comments?post=102155"}],"version-history":[{"count":1,"href":"https:\/\/blogdoedvaldomagalhaes.com.br\/index.php\/wp-json\/wp\/v2\/posts\/102155\/revisions"}],"predecessor-version":[{"id":102157,"href":"https:\/\/blogdoedvaldomagalhaes.com.br\/index.php\/wp-json\/wp\/v2\/posts\/102155\/revisions\/102157"}],"wp:featuredmedia":[{"embeddable":true,"href":"https:\/\/blogdoedvaldomagalhaes.com.br\/index.php\/wp-json\/wp\/v2\/media\/102156"}],"wp:attachment":[{"href":"https:\/\/blogdoedvaldomagalhaes.com.br\/index.php\/wp-json\/wp\/v2\/media?parent=102155"}],"wp:term":[{"taxonomy":"category","embeddable":true,"href":"https:\/\/blogdoedvaldomagalhaes.com.br\/index.php\/wp-json\/wp\/v2\/categories?post=102155"},{"taxonomy":"post_tag","embeddable":true,"href":"https:\/\/blogdoedvaldomagalhaes.com.br\/index.php\/wp-json\/wp\/v2\/tags?post=102155"}],"curies":[{"name":"wp","href":"https:\/\/api.w.org\/{rel}","templated":true}]}}