{"id":102149,"date":"2023-10-24T18:09:45","date_gmt":"2023-10-24T21:09:45","guid":{"rendered":"https:\/\/blogdoedvaldomagalhaes.com.br\/?p=102149"},"modified":"2023-10-24T18:09:48","modified_gmt":"2023-10-24T21:09:48","slug":"pernambuco-garante-r-300-milhoes-do-governo-federal-que-vao-beneficiar-75-mil-familias-no-agreste-e-sertao","status":"publish","type":"post","link":"https:\/\/blogdoedvaldomagalhaes.com.br\/index.php\/2023\/10\/24\/pernambuco-garante-r-300-milhoes-do-governo-federal-que-vao-beneficiar-75-mil-familias-no-agreste-e-sertao\/","title":{"rendered":"Pernambuco garante R$ 300 milh\u00f5es do Governo Federal que v\u00e3o beneficiar 75 mil fam\u00edlias no Agreste e Sert\u00e3o"},"content":{"rendered":"<p>Cerca de 75 mil fam\u00edlias que vivem em 55 munic\u00edpios do Sert\u00e3o e Agreste pernambucanos ser\u00e3o contempladas com uma iniciativa no valor de R$ 300 milh\u00f5es que ir\u00e1 garantir acesso \u00e0 \u00e1gua e ampliar a capacidade de produ\u00e7\u00e3o da agricultura familiar. O projeto Ra\u00edzes Resilientes, que tem o objetivo de reduzir o impacto da mudan\u00e7a clim\u00e1tica, apresentado pela governadora Raquel Lyra, foi classificado, nesta ter\u00e7a-feira (24), por edital lan\u00e7ado pelo Banco Nacional de Desenvolvimento Econ\u00f4mico e Social (BNDES). A solenidade realizada no Pal\u00e1cio do Planalto contou com a presen\u00e7a do presidente Lula. A iniciativa ser\u00e1 contemplada por meio do Projeto Sert\u00e3o Vivo, lan\u00e7ado pelo governo federal para atender comunidades rurais, agricultores familiares, assentados da reforma agr\u00e1ria e comunidades tradicionais do Nordeste.<\/p>\n<p>&#8220;Pernambuco foi contemplado com o valor de R$ 300 milh\u00f5es, que ser\u00e3o diretamente investidos na agricultura familiar para garantir o acesso \u00e0 \u00e1gua para os agricultores pernambucanos. \u00c9 preciso tornar nossas cidades mais resilientes, permitindo a conviv\u00eancia no semi\u00e1rido nordestino. Nosso projeto \u00e9 permitir o apoio \u00e0 agroecologia, constru\u00e7\u00e3o de cisternas, sistemas simplificados de abastecimento e extens\u00e3o rural.  Iremos garantir o benef\u00edcio para 75 mil fam\u00edlias, que ter\u00e3o mais qualidade de vida onde moram, e estamos celebrando mais essa conquista para Pernambuco&#8221;, destacou Raquel Lyra.<\/p>\n<p>Durante a cerim\u00f4nia de lan\u00e7amento, foi assinado o contrato de financiamento entre o BNDES e o Fundo Internacional de Desenvolvimento Agr\u00edcola (FIDA). Dos R$ 300 milh\u00f5es, R$ 47 milh\u00f5es s\u00e3o provenientes do FIDA e o restante de financiamento do Banco.<\/p>\n<p>O projeto Ra\u00edzes Resilientes vai assegurar financiamento de ro\u00e7ados e quintais produtivos; apoio \u00e0 constru\u00e7\u00e3o de uma rede de agricultores e promo\u00e7\u00e3o do empreendedorismo local para produtos e servi\u00e7os que apoiem a agricultura familiar; financiamento de cisternas, a\u00e7udes e bacias de armazenamento de \u00e1gua subterr\u00e2nea para irrigar pequenas \u00e1reas de terra; e sistemas de tratamento e reutiliza\u00e7\u00e3o de \u00e1guas residuais dom\u00e9sticas.<\/p>\n<p>Presente no evento, o presidente do BNDES, Aloizio Mercadante, ressaltou que o Nordeste faz parte da solu\u00e7\u00e3o para as principais quest\u00f5es clim\u00e1ticas. &#8220;O Semi\u00e1rido nordestino, historicamente, foi exposto a aus\u00eancias de recursos h\u00eddricos, ao sol intenso, varia\u00e7\u00f5es de temperatura e aquecimento. Por isso, essa regi\u00e3o pode ser refer\u00eancia para a solu\u00e7\u00e3o de desafios clim\u00e1ticos diante desta experi\u00eancia acumulada de como conviver com situa\u00e7\u00f5es de mudan\u00e7a clim\u00e1tica&#8221;, afirmou.<\/p>\n<p>O projeto ser\u00e1 executado pela Secretaria de Desenvolvimento Agr\u00e1rio, Agricultura, Pecu\u00e1ria e Pesca (SDA), juntamente com o Instituto Agron\u00f4mico de Pernambuco (IPA), que ficar\u00e1 respons\u00e1vel por supervisionar a implementa\u00e7\u00e3o. A iniciativa ainda ir\u00e1 estabelecer parcerias com prefeituras, conselhos estaduais e municipais, universidades e outros \u00f3rg\u00e3os de pesquisa, al\u00e9m de organiza\u00e7\u00f5es da sociedade civil. A previs\u00e3o de in\u00edcio \u00e9 para o m\u00eas de fevereiro de 2024, com um prazo de execu\u00e7\u00e3o de 60 meses e a conclus\u00e3o para janeiro de 2029. Ao todo, ser\u00e3o beneficiadas 75 mil fam\u00edlias de 55 munic\u00edpios.<\/p>\n<p>Entre os munic\u00edpios classificados foram: Oroc\u00f3, Carnaubeira da Penha, Calumbi, Afr\u00e2nio, Jata\u00faba, Sair\u00e9, Iati, Paranatama, Pedra, Bet\u00e2nia, Brej\u00e3o, Caet\u00e9s, Bom Jardim, Cumaru, Santa Maria do Cambuc\u00e1, Vertente do L\u00e9rio, Manari, Santa Maria da Boa Vista, Frei Miguelinho, Dormentes, Capoeiras, Moreil\u00e2ndia, Santa Filomena, Cabrob\u00f3, \u00c1guas Belas, Bodoc\u00f3, Exu, S\u00e3o Jo\u00e3o, Alagoinha, Casinhas, Lagoa Grande, Mirandiba, Po\u00e7\u00e3o, Riacho das Almas, Bu\u00edque, Flores, Ita\u00edba, Ouricuri, Serrita, Tupanatinga, Altinho, Cal\u00e7ado, Inaj\u00e1, Jupi, Lagoa dos Gatos, Orob\u00f3, Salo\u00e1, S\u00e3o Joaquim do Monte, Ingazeira, Jucati, Jurema, Lagoa do Ouro, Canhotinho, Caruaru e Quipap\u00e1.<\/p>\n<p>Os secret\u00e1rios Fabr\u00edcio Marques (Planejamento, Gest\u00e3o e Desenvolvimento Regional), T\u00falio Vila\u00e7a (Casa Civil) e Fernando Holanda (Assessoria Especial) acompanharam a agenda.<\/p>\n<p>*EDUCA\u00c7\u00c3O* &#8211; Durante a manh\u00e3, a gestora estadual participou de reuni\u00e3o que tratou do aux\u00edlio financeiro para incentivo dos estudantes do ensino m\u00e9dio que, em breve, ser\u00e1 anunciado pelo governo federal. A agenda contou com a presen\u00e7a do ministro da Educa\u00e7\u00e3o, Camilo Santana, da ministra da Gest\u00e3o e da Inova\u00e7\u00e3o dos Servi\u00e7os P\u00fablicos, Esther Dweck, e da secret\u00e1ria-executiva da Casa Civil, Miriam Belchior. Estavam presentes, ainda, os governadores Elmano de Freitas (Cear\u00e1), Paulo Dantas (Alagoas), Jer\u00f4nimo Rodrigues (Bahia), Carlos Brand\u00e3o (Maranh\u00e3o), Jo\u00e3o Azevedo (Para\u00edba), Rafael Fonteles (Piau\u00ed), F\u00e1tima Bezerra (Rio Grande do Norte) e F\u00e1bio Mitidieri (Sergipe). Foto: Divulga\u00e7\u00e3o.<\/p>\n<p>Siga o Instagram do Blog para comentar @blogdoedvaldomagalhaes<br \/>\nSe inscreva no canal do Blog no You Tube<\/p>\n","protected":false},"excerpt":{"rendered":"<p>Cerca de 75 mil fam\u00edlias que vivem em 55 munic\u00edpios do Sert\u00e3o e Agreste pernambucanos ser\u00e3o contempladas com uma iniciativa&hellip;<\/p>\n","protected":false},"author":1,"featured_media":102150,"comment_status":"closed","ping_status":"open","sticky":false,"template":"","format":"standard","meta":{"footnotes":""},"categories":[14120],"tags":[28803,2,28801,3406,12075,20,1229,28928],"class_list":["post-102149","post","type-post","status-publish","format-standard","has-post-thumbnail","hentry","category-noticias","tag-blog-com-mais-visualizacoes","tag-blog-do-edvaldo-magalhaes","tag-blog-mais-acessado","tag-caruaru","tag-lula","tag-politica","tag-raquel-lyra","tag-sertao-vivo-pernambuco-garante-r-300-milhoes-do-governo-federal-que-vao-beneficiar-75-mil-familias-no-agreste-e-sertao"],"_links":{"self":[{"href":"https:\/\/blogdoedvaldomagalhaes.com.br\/index.php\/wp-json\/wp\/v2\/posts\/102149","targetHints":{"allow":["GET"]}}],"collection":[{"href":"https:\/\/blogdoedvaldomagalhaes.com.br\/index.php\/wp-json\/wp\/v2\/posts"}],"about":[{"href":"https:\/\/blogdoedvaldomagalhaes.com.br\/index.php\/wp-json\/wp\/v2\/types\/post"}],"author":[{"embeddable":true,"href":"https:\/\/blogdoedvaldomagalhaes.com.br\/index.php\/wp-json\/wp\/v2\/users\/1"}],"replies":[{"embeddable":true,"href":"https:\/\/blogdoedvaldomagalhaes.com.br\/index.php\/wp-json\/wp\/v2\/comments?post=102149"}],"version-history":[{"count":1,"href":"https:\/\/blogdoedvaldomagalhaes.com.br\/index.php\/wp-json\/wp\/v2\/posts\/102149\/revisions"}],"predecessor-version":[{"id":102151,"href":"https:\/\/blogdoedvaldomagalhaes.com.br\/index.php\/wp-json\/wp\/v2\/posts\/102149\/revisions\/102151"}],"wp:featuredmedia":[{"embeddable":true,"href":"https:\/\/blogdoedvaldomagalhaes.com.br\/index.php\/wp-json\/wp\/v2\/media\/102150"}],"wp:attachment":[{"href":"https:\/\/blogdoedvaldomagalhaes.com.br\/index.php\/wp-json\/wp\/v2\/media?parent=102149"}],"wp:term":[{"taxonomy":"category","embeddable":true,"href":"https:\/\/blogdoedvaldomagalhaes.com.br\/index.php\/wp-json\/wp\/v2\/categories?post=102149"},{"taxonomy":"post_tag","embeddable":true,"href":"https:\/\/blogdoedvaldomagalhaes.com.br\/index.php\/wp-json\/wp\/v2\/tags?post=102149"}],"curies":[{"name":"wp","href":"https:\/\/api.w.org\/{rel}","templated":true}]}}