{"id":102147,"date":"2023-10-24T13:46:40","date_gmt":"2023-10-24T16:46:40","guid":{"rendered":"https:\/\/blogdoedvaldomagalhaes.com.br\/?p=102147"},"modified":"2023-10-24T13:46:41","modified_gmt":"2023-10-24T16:46:41","slug":"vereador-jorge-quintino-lidera-campanha-por-saude-preventiva-exercicio-com-orientacao-profissional","status":"publish","type":"post","link":"https:\/\/blogdoedvaldomagalhaes.com.br\/index.php\/2023\/10\/24\/vereador-jorge-quintino-lidera-campanha-por-saude-preventiva-exercicio-com-orientacao-profissional\/","title":{"rendered":"Vereador Jorge Quintino Lidera Campanha por Sa\u00fade Preventiva: Exerc\u00edcio com Orienta\u00e7\u00e3o Profissional"},"content":{"rendered":"<p>O Vereador Jorge Quintino (SD), est\u00e1 na vanguarda de uma iniciativa crucial que busca promover a conscientiza\u00e7\u00e3o sobre a import\u00e2ncia do exerc\u00edcio f\u00edsico orientado por profissionais qualificados na preven\u00e7\u00e3o e combate de doen\u00e7as. Esse procedimento \u00e9 conhecido como &#8220;Sa\u00fade Preventiva&#8221; e \u00e9, sem d\u00favida, o investimento mais econ\u00f4mico em nossa sociedade, al\u00e9m de ser o mais eficaz a m\u00e9dio e longo prazo. A medicina preventiva tem conquistado cada vez mais import\u00e2ncia devido ao seu papel fundamental na interven\u00e7\u00e3o precoce. Ela envolve a preven\u00e7\u00e3o de doen\u00e7as, o incentivo ao diagn\u00f3stico precoce e o apoio a processos de recupera\u00e7\u00e3o mais \u00e1geis, tudo com o objetivo de melhorar a qualidade de vida do indiv\u00edduo.<\/p>\n<p>O Vereador Jorge Quintino enfatiza que a medicina preventiva oferece oportunidades reais para as pessoas reduzirem a incid\u00eancia de doen\u00e7as e retardarem o avan\u00e7o daquelas que j\u00e1 est\u00e3o presentes, controlando sintomas, complica\u00e7\u00f5es e evolu\u00e7\u00e3o. &#8220;A implementa\u00e7\u00e3o de campanhas de conscientiza\u00e7\u00e3o sobre o exerc\u00edcio f\u00edsico supervisionado \u00e9 uma parte vital de nossa estrat\u00e9gia de Sa\u00fade Preventiva. Este \u00e9 um investimento que trar\u00e1 benef\u00edcios significativos para nossa comunidade, n\u00e3o apenas em termos de sa\u00fade, mas tamb\u00e9m em economia, ao reduzir os custos associados ao tratamento de doen\u00e7as&#8221;, afirmou o Vereador Jorge Quintino.<\/p>\n<p>A proposta do Vereador Jorge Quintino, est\u00e1 atualmente transitando nas comiss\u00f5es do poder legislativo. Se aprovada, essa iniciativa ser\u00e1 um passo crucial em dire\u00e7\u00e3o a uma comunidade mais saud\u00e1vel e consciente. Ele acredita firmemente que investir em conscientiza\u00e7\u00e3o e na promo\u00e7\u00e3o de um estilo de vida saud\u00e1vel \u00e9 vital para melhorar a qualidade de vida dos cidad\u00e3os e reduzir os custos associados ao tratamento de doen\u00e7as relacionadas \u00e0 inatividade f\u00edsica. Foto: Vladimir Barreto.<\/p>\n<p>Siga o Instagram do Blog para comentar @blogdoedvaldomagalhaes<br \/>\nSe inscreva no canal do Blog no You Tube<\/p>\n","protected":false},"excerpt":{"rendered":"<p>O Vereador Jorge Quintino (SD), est\u00e1 na vanguarda de uma iniciativa crucial que busca promover a conscientiza\u00e7\u00e3o sobre a import\u00e2ncia&hellip;<\/p>\n","protected":false},"author":1,"featured_media":101018,"comment_status":"closed","ping_status":"open","sticky":false,"template":"","format":"standard","meta":{"footnotes":""},"categories":[14122],"tags":[28925,2,28801,3406,20,28927],"class_list":["post-102147","post","type-post","status-publish","format-standard","has-post-thumbnail","hentry","category-politica","tag-blog-comamos-visualizacoes","tag-blog-do-edvaldo-magalhaes","tag-blog-mais-acessado","tag-caruaru","tag-politica","tag-vereador-jorge-quintino-lidera-campanha-por-saude-preventiva-exercicio-com-orientacao-profissional"],"_links":{"self":[{"href":"https:\/\/blogdoedvaldomagalhaes.com.br\/index.php\/wp-json\/wp\/v2\/posts\/102147","targetHints":{"allow":["GET"]}}],"collection":[{"href":"https:\/\/blogdoedvaldomagalhaes.com.br\/index.php\/wp-json\/wp\/v2\/posts"}],"about":[{"href":"https:\/\/blogdoedvaldomagalhaes.com.br\/index.php\/wp-json\/wp\/v2\/types\/post"}],"author":[{"embeddable":true,"href":"https:\/\/blogdoedvaldomagalhaes.com.br\/index.php\/wp-json\/wp\/v2\/users\/1"}],"replies":[{"embeddable":true,"href":"https:\/\/blogdoedvaldomagalhaes.com.br\/index.php\/wp-json\/wp\/v2\/comments?post=102147"}],"version-history":[{"count":1,"href":"https:\/\/blogdoedvaldomagalhaes.com.br\/index.php\/wp-json\/wp\/v2\/posts\/102147\/revisions"}],"predecessor-version":[{"id":102148,"href":"https:\/\/blogdoedvaldomagalhaes.com.br\/index.php\/wp-json\/wp\/v2\/posts\/102147\/revisions\/102148"}],"wp:featuredmedia":[{"embeddable":true,"href":"https:\/\/blogdoedvaldomagalhaes.com.br\/index.php\/wp-json\/wp\/v2\/media\/101018"}],"wp:attachment":[{"href":"https:\/\/blogdoedvaldomagalhaes.com.br\/index.php\/wp-json\/wp\/v2\/media?parent=102147"}],"wp:term":[{"taxonomy":"category","embeddable":true,"href":"https:\/\/blogdoedvaldomagalhaes.com.br\/index.php\/wp-json\/wp\/v2\/categories?post=102147"},{"taxonomy":"post_tag","embeddable":true,"href":"https:\/\/blogdoedvaldomagalhaes.com.br\/index.php\/wp-json\/wp\/v2\/tags?post=102147"}],"curies":[{"name":"wp","href":"https:\/\/api.w.org\/{rel}","templated":true}]}}