{"id":102145,"date":"2023-10-23T19:53:56","date_gmt":"2023-10-23T22:53:56","guid":{"rendered":"https:\/\/blogdoedvaldomagalhaes.com.br\/?p=102145"},"modified":"2023-10-23T19:53:57","modified_gmt":"2023-10-23T22:53:57","slug":"marido-e-preso-apos-agredir-esposa-e-ameacar-atear-fogo-na-casa","status":"publish","type":"post","link":"https:\/\/blogdoedvaldomagalhaes.com.br\/index.php\/2023\/10\/23\/marido-e-preso-apos-agredir-esposa-e-ameacar-atear-fogo-na-casa\/","title":{"rendered":"Marido \u00e9 preso ap\u00f3s agredir esposa e amea\u00e7ar atear fogo na casa"},"content":{"rendered":"<p><span style=\"font-size: revert;\">Nesta segunda-feira (23.10), por volta das 14:20h, a GT da cidade de Alagoinha foi informada que uma mulher havia sido agredida por seu esposo. De imediato os militares foram ao local, a v\u00edtima de nome preservado que relatou que seu esposo tamb\u00e9m de nome preservado havia puxado seu cabelo e que havia lhe empurrado na parede, vindo ela, seu filho ( que \u00e9 portador de necessidades especiais) e o imputado, cair ao ch\u00e3o. Al\u00e9m disso, a v\u00edtima disse que o imputado lhe amea\u00e7ou de morte e falou que colocaria fogo na resid\u00eancia caso o policiamento fosse acionado. Que por v\u00e1rios dias vinha sofrendo amea\u00e7as e agress\u00f5es por parte do imputado.<br \/>\n<\/span><\/p>\n<p><span style=\"font-size: revert;\">Diante disso, foi dado voz de pris\u00e3o ao imputado que apresentava sinais de embriaguez e resistiu a pris\u00e3o, sendo necess\u00e1rio o uso progressivo da for\u00e7a, vindo o policiamento cair no ch\u00e3o, juntamente com o imputado, na tentativa de conte-lo. Diante dos fatos, as partes foram conduzidas \u00e0 D.P. de Alagoinha para ado\u00e7\u00e3o das pedidas cab\u00edveis, na qual resultou em flagrante delito. Foto ilustrativa.<\/span><\/p>\n<p>Siga o Instagram do Blog para comentar @blogdoedvaldomagalhaes<\/p>\n<p>Se inscreva no canal do Blog no YouTube<\/p>\n","protected":false},"excerpt":{"rendered":"<p>Nesta segunda-feira (23.10), por volta das 14:20h, a GT da cidade de Alagoinha foi informada que uma mulher havia sido&hellip;<\/p>\n","protected":false},"author":1,"featured_media":12835,"comment_status":"closed","ping_status":"open","sticky":false,"template":"","format":"standard","meta":{"footnotes":""},"categories":[14121],"tags":[28803,2,28801,3406,9497,28926],"class_list":["post-102145","post","type-post","status-publish","format-standard","has-post-thumbnail","hentry","category-policial","tag-blog-com-mais-visualizacoes","tag-blog-do-edvaldo-magalhaes","tag-blog-mais-acessado","tag-caruaru","tag-lei-maria-da-penha","tag-marido-e-preso-apos-agredir-esposa-e-ameacar-atear-fogo-na-casa"],"_links":{"self":[{"href":"https:\/\/blogdoedvaldomagalhaes.com.br\/index.php\/wp-json\/wp\/v2\/posts\/102145","targetHints":{"allow":["GET"]}}],"collection":[{"href":"https:\/\/blogdoedvaldomagalhaes.com.br\/index.php\/wp-json\/wp\/v2\/posts"}],"about":[{"href":"https:\/\/blogdoedvaldomagalhaes.com.br\/index.php\/wp-json\/wp\/v2\/types\/post"}],"author":[{"embeddable":true,"href":"https:\/\/blogdoedvaldomagalhaes.com.br\/index.php\/wp-json\/wp\/v2\/users\/1"}],"replies":[{"embeddable":true,"href":"https:\/\/blogdoedvaldomagalhaes.com.br\/index.php\/wp-json\/wp\/v2\/comments?post=102145"}],"version-history":[{"count":1,"href":"https:\/\/blogdoedvaldomagalhaes.com.br\/index.php\/wp-json\/wp\/v2\/posts\/102145\/revisions"}],"predecessor-version":[{"id":102146,"href":"https:\/\/blogdoedvaldomagalhaes.com.br\/index.php\/wp-json\/wp\/v2\/posts\/102145\/revisions\/102146"}],"wp:featuredmedia":[{"embeddable":true,"href":"https:\/\/blogdoedvaldomagalhaes.com.br\/index.php\/wp-json\/wp\/v2\/media\/12835"}],"wp:attachment":[{"href":"https:\/\/blogdoedvaldomagalhaes.com.br\/index.php\/wp-json\/wp\/v2\/media?parent=102145"}],"wp:term":[{"taxonomy":"category","embeddable":true,"href":"https:\/\/blogdoedvaldomagalhaes.com.br\/index.php\/wp-json\/wp\/v2\/categories?post=102145"},{"taxonomy":"post_tag","embeddable":true,"href":"https:\/\/blogdoedvaldomagalhaes.com.br\/index.php\/wp-json\/wp\/v2\/tags?post=102145"}],"curies":[{"name":"wp","href":"https:\/\/api.w.org\/{rel}","templated":true}]}}