{"id":102143,"date":"2023-10-23T18:47:09","date_gmt":"2023-10-23T21:47:09","guid":{"rendered":"https:\/\/blogdoedvaldomagalhaes.com.br\/?p=102143"},"modified":"2023-10-23T18:47:10","modified_gmt":"2023-10-23T21:47:10","slug":"policia-civil-emite-nota-sobre-operacao-secundus-na-camara-de-caruaru-confira","status":"publish","type":"post","link":"https:\/\/blogdoedvaldomagalhaes.com.br\/index.php\/2023\/10\/23\/policia-civil-emite-nota-sobre-operacao-secundus-na-camara-de-caruaru-confira\/","title":{"rendered":"Pol\u00edcia Civil emite nota sobre Opera\u00e7\u00e3o Secundus na C\u00e2mara de Caruaru; Confira"},"content":{"rendered":"<p><strong>NOTA PCPE<\/strong><\/p>\n<p>A Pol\u00edcia Civil de Pernambuco deflagrou, na \u00faltima sexta-feira (20), a Opera\u00e7\u00e3o de Repress\u00e3o Qualificada Secundus, vinculada \u00e0 Diretoria Integrada Especializada (DIRESP), sob a presid\u00eancia do Delegado Titular da 3\u00aa Delegacia de Pol\u00edcia de Combate \u00e0 Corrup\u00e7\u00e3o (3\u00aa DECCOR), Jeov\u00e1 Miguel. A unidade policial integra o Departamento de Combate \u00e0 Corrup\u00e7\u00e3o e ao Crime Organizado (DRACCO).<\/p>\n<p>A investiga\u00e7\u00e3o foi iniciada em mar\u00e7o de 2023 e teve o objetivo de identificar e desarticular a associa\u00e7\u00e3o criminosa voltada \u00e0 pr\u00e1tica do crime de falsidade ideol\u00f3gica.<br \/>\nForam cumpridos oito Mandados de Busca e Apreens\u00e3o Domiciliar na C\u00e2mara de Vereadores de Caruaru, na resid\u00eancia de quatro vereadores e dois servidores do legislativo municipal. Todos expedidos pelo Ju\u00edzo da Segunda Vara Criminal da Comarca de Caruaru.<\/p>\n<p>Foram apreendidos: 11 CPUs, oito celulares, dois notebooks, seis pendrives, tr\u00eas HDs, um cart\u00e3o de mem\u00f3ria e documentos diversos.<br \/>\nEsse material ser\u00e1 analisado dentro da investiga\u00e7\u00e3o em curso.<\/p>\n<p>*Hist\u00f3rico*<br \/>\nNa madrugada de 17 de setembro de 2021, um homem realizou uma live em suas redes sociais, noticiando que uma assessora de uma vereadora seria funcion\u00e1ria &#8220;fantasma&#8221;. De imediato, a assessoria de imprensa da vereadora informou que a servidora indicada no v\u00eddeo havia sido exonerada em 31 de agosto de 2021, conforme ato administrativo de exonera\u00e7\u00e3o da C\u00e2mara de Vereadores de Caruaru.<\/p>\n<p>No entanto, com a deflagra\u00e7\u00e3o da ORQ Primus, em mar\u00e7o de 2023, foi poss\u00edvel obter elemento que forneceram fortes ind\u00edcios que o ato administrativo de exonera\u00e7\u00e3o e nomea\u00e7\u00e3o foram falsificados.<br \/>\nAl\u00e9m das provas iniciais, ao longo da investiga\u00e7\u00e3o, novas provas surgiram corroborando com os fortes ind\u00edcios de que os investigados em associa\u00e7\u00e3o criminosa praticaram o crime de falsidade ideol\u00f3gica. Foto: Divulga\u00e7\u00e3o\/Pol\u00edcia Civil<\/p>\n<p>Siga o Instagram do Blog para comentar @blogdoedvaldomagalhaes<\/p>\n<p>Sd inscreva no canal do Blog no YouTube<\/p>\n","protected":false},"excerpt":{"rendered":"<p>NOTA PCPE A Pol\u00edcia Civil de Pernambuco deflagrou, na \u00faltima sexta-feira (20), a Opera\u00e7\u00e3o de Repress\u00e3o Qualificada Secundus, vinculada \u00e0&hellip;<\/p>\n","protected":false},"author":1,"featured_media":102032,"comment_status":"closed","ping_status":"open","sticky":false,"template":"","format":"standard","meta":{"footnotes":""},"categories":[14121],"tags":[28925,2,28801,3406],"class_list":["post-102143","post","type-post","status-publish","format-standard","has-post-thumbnail","hentry","category-policial","tag-blog-comamos-visualizacoes","tag-blog-do-edvaldo-magalhaes","tag-blog-mais-acessado","tag-caruaru"],"_links":{"self":[{"href":"https:\/\/blogdoedvaldomagalhaes.com.br\/index.php\/wp-json\/wp\/v2\/posts\/102143","targetHints":{"allow":["GET"]}}],"collection":[{"href":"https:\/\/blogdoedvaldomagalhaes.com.br\/index.php\/wp-json\/wp\/v2\/posts"}],"about":[{"href":"https:\/\/blogdoedvaldomagalhaes.com.br\/index.php\/wp-json\/wp\/v2\/types\/post"}],"author":[{"embeddable":true,"href":"https:\/\/blogdoedvaldomagalhaes.com.br\/index.php\/wp-json\/wp\/v2\/users\/1"}],"replies":[{"embeddable":true,"href":"https:\/\/blogdoedvaldomagalhaes.com.br\/index.php\/wp-json\/wp\/v2\/comments?post=102143"}],"version-history":[{"count":1,"href":"https:\/\/blogdoedvaldomagalhaes.com.br\/index.php\/wp-json\/wp\/v2\/posts\/102143\/revisions"}],"predecessor-version":[{"id":102144,"href":"https:\/\/blogdoedvaldomagalhaes.com.br\/index.php\/wp-json\/wp\/v2\/posts\/102143\/revisions\/102144"}],"wp:featuredmedia":[{"embeddable":true,"href":"https:\/\/blogdoedvaldomagalhaes.com.br\/index.php\/wp-json\/wp\/v2\/media\/102032"}],"wp:attachment":[{"href":"https:\/\/blogdoedvaldomagalhaes.com.br\/index.php\/wp-json\/wp\/v2\/media?parent=102143"}],"wp:term":[{"taxonomy":"category","embeddable":true,"href":"https:\/\/blogdoedvaldomagalhaes.com.br\/index.php\/wp-json\/wp\/v2\/categories?post=102143"},{"taxonomy":"post_tag","embeddable":true,"href":"https:\/\/blogdoedvaldomagalhaes.com.br\/index.php\/wp-json\/wp\/v2\/tags?post=102143"}],"curies":[{"name":"wp","href":"https:\/\/api.w.org\/{rel}","templated":true}]}}