{"id":102137,"date":"2023-10-23T17:39:16","date_gmt":"2023-10-23T20:39:16","guid":{"rendered":"https:\/\/blogdoedvaldomagalhaes.com.br\/?p=102137"},"modified":"2023-10-23T17:41:22","modified_gmt":"2023-10-23T20:41:22","slug":"mais-de-6-toneladas-de-laticinios-e-embutidos-sem-nota-fiscal-sao-retidas-pela-prf-em-caruaru","status":"publish","type":"post","link":"https:\/\/blogdoedvaldomagalhaes.com.br\/index.php\/2023\/10\/23\/mais-de-6-toneladas-de-laticinios-e-embutidos-sem-nota-fiscal-sao-retidas-pela-prf-em-caruaru\/","title":{"rendered":"Mais de 6 toneladas de latic\u00ednios e embutidos sem nota fiscal s\u00e3o retidas pela PRF em Caruaru"},"content":{"rendered":"<p>Uma carga com 6,6 toneladas de latic\u00ednios e embutidos que eram transportados sem a documenta\u00e7\u00e3o fiscal foi retida, no domingo (22). O flagrante foi realizado durante fiscaliza\u00e7\u00e3o da Pol\u00edcia Rodovi\u00e1ria Federal (PRF), na BR 232, em Caruaru, no Agreste de Pernambuco.<\/p>\n<p>Durante a abordagem, o motorista informou que n\u00e3o transportava a nota fiscal da mercadoria e a equipe constatou que o caminh\u00e3o transitava com 2,2 toneladas de excesso de peso. No ba\u00fa, foram encontradas 5,3 toneladas de salsicha, 1,2 tonelada de queijo mu\u00e7arela, 71 Kg de parmes\u00e3o e 60 Kg de queijo prato.<\/p>\n<p>O caminh\u00e3o foi encaminhado ao p\u00e1tio para realizar o transbordo da mercadoria em excesso. A Secretaria da Fazenda foi acionada, para providenciar a regulariza\u00e7\u00e3o fiscal da mercadoria.<br \/>\nFoto: Divulga\u00e7\u00e3o\/PRF<\/p>\n<p>Siga o Instagram do Blog @blogdoedvaldomagalhaes<br \/>\nSe inscreva no canal do Blog no You Tube<\/p>\n","protected":false},"excerpt":{"rendered":"<p>Uma carga com 6,6 toneladas de latic\u00ednios e embutidos que eram transportados sem a documenta\u00e7\u00e3o fiscal foi retida, no domingo&hellip;<\/p>\n","protected":false},"author":1,"featured_media":102138,"comment_status":"closed","ping_status":"open","sticky":false,"template":"","format":"standard","meta":{"footnotes":""},"categories":[14121],"tags":[28803,2,28801,3406,28924],"class_list":["post-102137","post","type-post","status-publish","format-standard","has-post-thumbnail","hentry","category-policial","tag-blog-com-mais-visualizacoes","tag-blog-do-edvaldo-magalhaes","tag-blog-mais-acessado","tag-caruaru","tag-mais-de-6-toneladas-de-laticinios-e-embutidos-sem-nota-fiscal-sao-retidas-pela-prf-em-caruaru"],"_links":{"self":[{"href":"https:\/\/blogdoedvaldomagalhaes.com.br\/index.php\/wp-json\/wp\/v2\/posts\/102137","targetHints":{"allow":["GET"]}}],"collection":[{"href":"https:\/\/blogdoedvaldomagalhaes.com.br\/index.php\/wp-json\/wp\/v2\/posts"}],"about":[{"href":"https:\/\/blogdoedvaldomagalhaes.com.br\/index.php\/wp-json\/wp\/v2\/types\/post"}],"author":[{"embeddable":true,"href":"https:\/\/blogdoedvaldomagalhaes.com.br\/index.php\/wp-json\/wp\/v2\/users\/1"}],"replies":[{"embeddable":true,"href":"https:\/\/blogdoedvaldomagalhaes.com.br\/index.php\/wp-json\/wp\/v2\/comments?post=102137"}],"version-history":[{"count":3,"href":"https:\/\/blogdoedvaldomagalhaes.com.br\/index.php\/wp-json\/wp\/v2\/posts\/102137\/revisions"}],"predecessor-version":[{"id":102142,"href":"https:\/\/blogdoedvaldomagalhaes.com.br\/index.php\/wp-json\/wp\/v2\/posts\/102137\/revisions\/102142"}],"wp:featuredmedia":[{"embeddable":true,"href":"https:\/\/blogdoedvaldomagalhaes.com.br\/index.php\/wp-json\/wp\/v2\/media\/102138"}],"wp:attachment":[{"href":"https:\/\/blogdoedvaldomagalhaes.com.br\/index.php\/wp-json\/wp\/v2\/media?parent=102137"}],"wp:term":[{"taxonomy":"category","embeddable":true,"href":"https:\/\/blogdoedvaldomagalhaes.com.br\/index.php\/wp-json\/wp\/v2\/categories?post=102137"},{"taxonomy":"post_tag","embeddable":true,"href":"https:\/\/blogdoedvaldomagalhaes.com.br\/index.php\/wp-json\/wp\/v2\/tags?post=102137"}],"curies":[{"name":"wp","href":"https:\/\/api.w.org\/{rel}","templated":true}]}}