{"id":102134,"date":"2023-10-23T14:42:18","date_gmt":"2023-10-23T17:42:18","guid":{"rendered":"https:\/\/blogdoedvaldomagalhaes.com.br\/?p=102134"},"modified":"2023-10-23T14:42:19","modified_gmt":"2023-10-23T17:42:19","slug":"pe-e-1o-lugar-no-ne-em-controle-e-economia-de-custeio-da-maquina-publica-em-2023-segundo-stn","status":"publish","type":"post","link":"https:\/\/blogdoedvaldomagalhaes.com.br\/index.php\/2023\/10\/23\/pe-e-1o-lugar-no-ne-em-controle-e-economia-de-custeio-da-maquina-publica-em-2023-segundo-stn\/","title":{"rendered":"PE \u00e9 1\u00ba lugar no NE em controle e economia de custeio da m\u00e1quina p\u00fablica em 2023, segundo STN"},"content":{"rendered":"<p>Pernambuco \u00e9 o estado do Nordeste que obteve a maior economia de gastos de custeio de sua m\u00e1quina p\u00fablica de janeiro a agosto de 2023, segundo relat\u00f3rio de an\u00e1lise dos entes subnacionais publicado nesta segunda-feira (23) pela Secretaria do Tesouro Nacional (STN), vinculada ao Minist\u00e9rio da Fazenda. De acordo com o relat\u00f3rio \u201cRREO em foco \u2013 Estados + Distrito Federal\u201d, as despesas correntes estaduais cresceram apenas 2% em rela\u00e7\u00e3o ao mesmo per\u00edodo de 2022, enquanto a m\u00e9dia estadual no Pa\u00eds foi de 11%. No Brasil, considerando os 27 entes subnacionais (estados e Distrito Federal), Pernambuco ficou em 4\u00ba, atr\u00e1s apenas de S\u00e3o Paulo, Minas Gerais e Distrito Federal. O incremento de despesas no Estado (2%) ficou abaixo da infla\u00e7\u00e3o (IPCA) do per\u00edodo, pr\u00f3ximo a 5%.<\/p>\n<p>De acordo com a governadora Raquel Lyra, os dados apresentados no relat\u00f3rio do Tesouro Nacional confirmam o trabalho de gest\u00e3o do gasto p\u00fablico empreendido desde janeiro pelo governo estadual. \u201cO resultado confirma a efic\u00e1cia do nosso Plano de Qualidade do Gasto, que foi uma medida que tomamos ainda na primeira semana de governo, l\u00e1 em janeiro, e que se realiza n\u00e3o como uma medida que se justifica por si pr\u00f3pria, mas porque precisamos arrumar a casa e as contas estaduais garantindo que os recursos pagos pelos impostos se transformem em melhorias para a popula\u00e7\u00e3o. Chegando mais perto do fim do ano, \u00e9 poss\u00edvel vislumbrar que Pernambuco est\u00e1 cumprindo com essa mudan\u00e7a, nos permitindo a realizar nosso plano de governo com muita gest\u00e3o e zelo com os recursos p\u00fablicos\u201d, explicou.<\/p>\n<p>De acordo com o acompanhamento do Plano de Qualidade dos Gastos P\u00fablicos em Pernambuco, destacam-se entre exemplos de economia este ano as despesas com servi\u00e7os de consultoria (R$ 31,6 milh\u00f5es de redu\u00e7\u00e3o), aquisi\u00e7\u00e3o de combust\u00edveis e lubrificantes (R$ 20,4 milh\u00f5es de economia) e di\u00e1rias, hospedagens e passagens (R$ 5,1 milh\u00f5es). No total, considerando as despesas de custeio n\u00e3o obrigat\u00f3rias, houve economia de R$ 420 milh\u00f5es no per\u00edodo. O cen\u00e1rio de despesas correntes ainda \u00e9 impactado pela expans\u00e3o das despesas de pessoal, que somam 12%. \u201cEstamos seguindo a determina\u00e7\u00e3o da governadora de arrumar as contas de Pernambuco esse ano para que possamos transformar a despesa em gasto qualificado, em mais investimento e transforma\u00e7\u00e3o na vida dos pernambucanos. Tudo isso garantindo a manuten\u00e7\u00e3o dos servi\u00e7os essenciais, que n\u00e3o s\u00e3o atingidos pelo Plano de Qualidade\u201d, explica o secret\u00e1rio da Fazenda, Wilson Jos\u00e9 de Paula.<\/p>\n<p>Al\u00e9m do Plano de Qualidade do Gasto P\u00fablico, o governo Raquel Lyra abriu outra frente para melhoria das contas p\u00fablicas: com di\u00e1logo constante junto ao governo federal, registrou-se a capta\u00e7\u00e3o recorde de opera\u00e7\u00f5es de cr\u00e9dito, que j\u00e1 totalizaram R$ 3,4 bilh\u00f5es pactuados em apenas nove meses, valor superior \u00e0 soma dos recursos captados via financiamento pelo Estado de Pernambuco nos \u00faltimos dez anos. As a\u00e7\u00f5es fazem parte da estrat\u00e9gia governamental para refor\u00e7ar o caixa e turbinar os investimentos p\u00fablicos estaduais. Em janeiro, a gest\u00e3o teve in\u00edcio em meio a um cen\u00e1rio de d\u00e9ficit or\u00e7ament\u00e1rio de R$ 567 milh\u00f5es e caixa l\u00edquido negativo, tamb\u00e9m segundo o Tesouro Nacional, em R$ 371 milh\u00f5es.<\/p>\n<p>&#8211; Confira o relat\u00f3rio na \u00edntegra atrav\u00e9s do link:<br \/>\nhttps:\/\/www.tesourotransparente.gov.br\/publicacoes\/rreo-em-foco-estados-e-municipios\/2023\/16<\/p>\n<p>Fotos: Miva Filho\/Secom.<br \/>\nSiga o Instagram do Blog para comentar @blogdoedvaldomagalhaes<br \/>\nSe inscreva no canal do Blog no You Tube<\/p>\n","protected":false},"excerpt":{"rendered":"<p>Pernambuco \u00e9 o estado do Nordeste que obteve a maior economia de gastos de custeio de sua m\u00e1quina p\u00fablica de&hellip;<\/p>\n","protected":false},"author":1,"featured_media":102135,"comment_status":"closed","ping_status":"open","sticky":false,"template":"","format":"standard","meta":{"footnotes":""},"categories":[14120],"tags":[28803,2,28801,3406,28923],"class_list":["post-102134","post","type-post","status-publish","format-standard","has-post-thumbnail","hentry","category-noticias","tag-blog-com-mais-visualizacoes","tag-blog-do-edvaldo-magalhaes","tag-blog-mais-acessado","tag-caruaru","tag-pe-e-1o-lugar-no-ne-em-controle-e-economia-de-custeio-da-maquina-publica-em-2023-segundo-stn"],"_links":{"self":[{"href":"https:\/\/blogdoedvaldomagalhaes.com.br\/index.php\/wp-json\/wp\/v2\/posts\/102134","targetHints":{"allow":["GET"]}}],"collection":[{"href":"https:\/\/blogdoedvaldomagalhaes.com.br\/index.php\/wp-json\/wp\/v2\/posts"}],"about":[{"href":"https:\/\/blogdoedvaldomagalhaes.com.br\/index.php\/wp-json\/wp\/v2\/types\/post"}],"author":[{"embeddable":true,"href":"https:\/\/blogdoedvaldomagalhaes.com.br\/index.php\/wp-json\/wp\/v2\/users\/1"}],"replies":[{"embeddable":true,"href":"https:\/\/blogdoedvaldomagalhaes.com.br\/index.php\/wp-json\/wp\/v2\/comments?post=102134"}],"version-history":[{"count":1,"href":"https:\/\/blogdoedvaldomagalhaes.com.br\/index.php\/wp-json\/wp\/v2\/posts\/102134\/revisions"}],"predecessor-version":[{"id":102136,"href":"https:\/\/blogdoedvaldomagalhaes.com.br\/index.php\/wp-json\/wp\/v2\/posts\/102134\/revisions\/102136"}],"wp:featuredmedia":[{"embeddable":true,"href":"https:\/\/blogdoedvaldomagalhaes.com.br\/index.php\/wp-json\/wp\/v2\/media\/102135"}],"wp:attachment":[{"href":"https:\/\/blogdoedvaldomagalhaes.com.br\/index.php\/wp-json\/wp\/v2\/media?parent=102134"}],"wp:term":[{"taxonomy":"category","embeddable":true,"href":"https:\/\/blogdoedvaldomagalhaes.com.br\/index.php\/wp-json\/wp\/v2\/categories?post=102134"},{"taxonomy":"post_tag","embeddable":true,"href":"https:\/\/blogdoedvaldomagalhaes.com.br\/index.php\/wp-json\/wp\/v2\/tags?post=102134"}],"curies":[{"name":"wp","href":"https:\/\/api.w.org\/{rel}","templated":true}]}}